{"id":72213,"date":"2025-05-03T16:44:07","date_gmt":"2025-05-03T16:44:07","guid":{"rendered":"https:\/\/www.europesays.com\/fr\/72213\/"},"modified":"2025-05-03T16:44:07","modified_gmt":"2025-05-03T16:44:07","slug":"cet-habitant-de-seine-et-marne-brille-a-lhyrox-paris-avec-un-podium-sous-la-verriere-du-grand-palais","status":"publish","type":"post","link":"https:\/\/www.europesays.com\/fr\/72213\/","title":{"rendered":"Cet habitant de Seine-et-Marne brille \u00e0 l&rsquo;Hyrox Paris avec un podium sous la verri\u00e8re du Grand Palais"},"content":{"rendered":"<p>            Par<br \/>\n        <strong><br \/>\n            <a href=\"https:\/\/actu.fr\/auteur\/margaux-desdet\" title=\"Consulter tous les articles de Margaux Desdet\" rel=\"nofollow noopener\" target=\"_blank\">Margaux Desdet<\/a><br \/>\n        <\/strong><\/p>\n<p>        Publi\u00e9 le<\/p>\n<p>            3 mai 2025 \u00e0 18h30        <\/p>\n<p>Le <b>Grand Palais de <a href=\"https:\/\/actu.fr\/paris\/\" rel=\"nofollow noopener\" target=\"_blank\">Paris<\/a> <\/b>s\u2019est mu\u00e9 en temple du fitness durant trois jours, du vendredi 18 au dimanche 20 avril 2025, pour accueillir l\u2019<b>\u00e9dition la plus spectaculaire de l\u2019Hyrox jamais organis\u00e9e en France<\/b>. Plus de <b>12 000 participants<\/b> ont foul\u00e9 les all\u00e9es de ce lieu mythique, r\u00e9partis dans 14 cat\u00e9gories, sous les regards d\u2019un public en \u00e9bullition. Parmi les comp\u00e9titeurs, un nom s\u2019est particuli\u00e8rement distingu\u00e9, celui de <a href=\"https:\/\/actu.fr\/ile-de-france\/coutevroult_77141\/seine-et-marne-charles-crepeau-jeune-prodige-de-lhyrox-vise-les-sommets-mondiaux_62526260.html\" rel=\"nofollow noopener\" target=\"_blank\"><b>Charles Crepeau<\/b><\/a>, habitant de <b><a href=\"https:\/\/actu.fr\/ile-de-france\/coutevroult_77141\" rel=\"nofollow noopener\" target=\"_blank\">Coutevroult<\/a><\/b>, en <a href=\"https:\/\/actu.fr\/ile-de-france\/seine-et-marne_77\" rel=\"nofollow noopener\" target=\"_blank\">Seine-et-Marne<\/a>.<\/p>\n<p>Un week-end \u00ab hors du temps \u00bb<\/p>\n<p class=\" wall-content\">Charles Cr\u00e9peau a confirm\u00e9 tout le potentiel qu\u2019on lui pr\u00eatait depuis plusieurs mois dans cette<b> comp\u00e9tition sportive alliant course \u00e0 pied et exercices fonctionnels<\/b>, o\u00f9 les participants doivent parcourir huit kilom\u00e8tres entrecoup\u00e9s de stations d\u2019entra\u00eenement physiques, testant ainsi \u00e0 la fois leur r\u00e9sistance et leur force.<\/p>\n<p class=\" wall-content\">Combinant <b>puissance, endurance et mental<\/b>, le jeune athl\u00e8te a sign\u00e9 une performance exceptionnelle. En <b>1 h 00 min 37 s<\/b>, il a boucl\u00e9 le parcours et a d\u00e9croch\u00e9 la <b>deuxi\u00e8me place de sa cat\u00e9gorie, se classant 18e au classement g\u00e9n\u00e9ral sur 2 082 hommes<\/b> ayant franchi la ligne d\u2019arriv\u00e9e.<\/p>\n<p class=\" wall-content\">Un exploit pour celui qui, il y a \u00e0 peine un an, d\u00e9couvrait encore la discipline.<\/p>\n<p>Le tout premier podium<\/p>\n<p class=\" wall-content\">\u00c0 peine descendu de son nuage, l\u2019athl\u00e8te revient sur ce moment fort : \u00ab C\u2019\u00e9tait un week-end hors du temps dans un lieu mythique avec une ambiance de feu, et pour moi, une \u00e9tape marquante : 1 h et 37\u00a0secondes pour terminer la course, une deuxi\u00e8me place dans ma cat\u00e9gorie et mon tout premier podium. C\u2019est une immense fiert\u00e9. R\u00e9aliser \u00e7a dans un d\u00e9cor aussi iconique, c\u2019est juste incroyable. \u00bb<\/p>\n<p>Vid\u00e9os : en ce moment sur ActuL\u2019objectif : repousser ses limites<\/p>\n<p class=\" wall-content\">Depuis ses d\u00e9buts dans l\u2019Hyrox, Charles Crepeau a <b>multipli\u00e9 les comp\u00e9titions, les entra\u00eenements intensifs et les r\u00e9sultats prometteurs<\/b>.<\/p>\n<p class=\" wall-content\">Il s\u2019\u00e9tait d\u00e9j\u00e0 rapproch\u00e9 du podium \u00e0 Nice et Marseille, mais cette fois, il l\u2019a fait. Une r\u00e9compense m\u00e9rit\u00e9e, mais qui ne suffit pas \u00e0 le rassasier.<\/p>\n<blockquote class=\"ac-article-quote wall-content\">\n<p>Il ne me manque plus que 37 secondes pour faire tomber la barre mythique des 1 h\u2026 et je vous le dis : elle va sauter au prochain ! Le charbon continue.<\/p>\n<p>Charles Crepeau<\/p><\/blockquote>\n<p>Une exp\u00e9rience humaine hors chrono<\/p>\n<p class=\" wall-content\">Au-del\u00e0 de la performance chronom\u00e9trique, c\u2019est aussi une <b>aventure profond\u00e9ment humaine<\/b> que Charles retient de ce week-end d\u2019exception : \u00ab J\u2019avais les jambes en feu et le souffle court sur la ligne d\u2019arriv\u00e9e. Mais ce que je retiens ce n\u2019est pas la douleur. C\u2019est la foule, les cris, l\u2019\u00e9nergie, les visages. C\u2019est cet instant o\u00f9 tu n\u2019es plus seul et o\u00f9 tout le monde te pousse, o\u00f9 tu franchis la ligne, <b>port\u00e9 par quelque chose de plus grand que toi<\/b>. \u00bb<\/p>\n<p class=\" wall-content\">Loin d\u2019une approche purement comp\u00e9titive, le jeune homme d\u00e9fend une <b>vision plus large et inclusive du sport<\/b>. Pour lui, l\u2019Hyrox d\u00e9passe largement les fronti\u00e8res de la performance : \u00ab L\u2019Hyrox, ce n\u2019est pas juste une comp\u00e9tition. C\u2019est une famille, une communaut\u00e9, un mouvement. Un endroit o\u00f9 la passion rassemble, o\u00f9<b> les valeurs parlent plus fort que les performances<\/b>. On s\u2019\u00e9l\u00e8ve ensemble. C\u2019est plus qu\u2019un sport, mais une exp\u00e9rience humaine \u00bb.<\/p>\n<p>Vers l\u2019avenir<\/p>\n<p class=\" wall-content\">Avec sa remarquable performance, Charles Crepeau repart avec <b>une \u00e9nergie nouvelle et une motivation d\u00e9cupl\u00e9e<\/b> : \u00ab C\u2019est difficile mentalement de redescendre, de laisser derri\u00e8re soi l\u2019adr\u00e9naline, l\u2019ambiance, les sourires, la magie. Mais ces grandes pauses, ces moments suspendus sont essentiels. Ils nous rappellent pourquoi on s\u2019entra\u00eene, pourquoi on se bat. Ils <b>rechargent le mental et donnent un vrai sens au quotidien<\/b> \u00bb. Aujourd\u2019hui, le jeune sportif repart la t\u00eate pleine de souvenirs et les yeux tourn\u00e9s vers le prochain Hyrox. L\u2019objectif est clair : revenir encore plus fort et am\u00e9liorer sa course. \u00ab Chaque s\u00e9ance compte. Chaque pas nous rapproche du but. Ce n\u2019est que le d\u00e9but. \u00bb<\/p>\n<p class=\" wall-content\">Suivez toute l\u2019actualit\u00e9 de vos villes et m\u00e9dias favoris en vous inscrivant \u00e0 <a href=\"https:\/\/moncompte.actu.fr\" title=\"D\u00e9couvez Mon Actu\" rel=\"nofollow noopener\" data-trk=\"{&quot;cta&quot;:{&quot;action&quot;:&quot;https:\\\/\\\/moncompte.actu.fr&quot;,&quot;category&quot;:&quot;mon compte&quot;,&quot;from&quot;:&quot;article footer&quot;,&quot;name&quot;:&quot;Mon actu&quot;,&quot;type&quot;:&quot;cta&quot;}}\" target=\"_blank\">Mon Actu<\/a>.<\/p>\n","protected":false},"excerpt":{"rendered":"Par Margaux Desdet Publi\u00e9 le 3 mai 2025 \u00e0 18h30 Le Grand Palais de Paris s\u2019est mu\u00e9 en&hellip;\n","protected":false},"author":2,"featured_media":72214,"comment_status":"","ping_status":"","sticky":false,"template":"","format":"standard","meta":{"footnotes":""},"categories":[1888],"tags":[11,1777,674,1011,27,1398,12,626,25,104],"class_list":{"0":"post-72213","1":"post","2":"type-post","3":"status-publish","4":"format-standard","5":"has-post-thumbnail","7":"category-paris","8":"tag-actualites","9":"tag-eu","10":"tag-europe","11":"tag-fr","12":"tag-france","13":"tag-grand-palais","14":"tag-news","15":"tag-paris","16":"tag-republique-francaise","17":"tag-societe"},"share_on_mastodon":{"url":"https:\/\/pubeurope.com\/@fr\/114444911770160823","error":""},"_links":{"self":[{"href":"https:\/\/www.europesays.com\/fr\/wp-json\/wp\/v2\/posts\/72213","targetHints":{"allow":["GET"]}}],"collection":[{"href":"https:\/\/www.europesays.com\/fr\/wp-json\/wp\/v2\/posts"}],"about":[{"href":"https:\/\/www.europesays.com\/fr\/wp-json\/wp\/v2\/types\/post"}],"author":[{"embeddable":true,"href":"https:\/\/www.europesays.com\/fr\/wp-json\/wp\/v2\/users\/2"}],"replies":[{"embeddable":true,"href":"https:\/\/www.europesays.com\/fr\/wp-json\/wp\/v2\/comments?post=72213"}],"version-history":[{"count":0,"href":"https:\/\/www.europesays.com\/fr\/wp-json\/wp\/v2\/posts\/72213\/revisions"}],"wp:featuredmedia":[{"embeddable":true,"href":"https:\/\/www.europesays.com\/fr\/wp-json\/wp\/v2\/media\/72214"}],"wp:attachment":[{"href":"https:\/\/www.europesays.com\/fr\/wp-json\/wp\/v2\/media?parent=72213"}],"wp:term":[{"taxonomy":"category","embeddable":true,"href":"https:\/\/www.europesays.com\/fr\/wp-json\/wp\/v2\/categories?post=72213"},{"taxonomy":"post_tag","embeddable":true,"href":"https:\/\/www.europesays.com\/fr\/wp-json\/wp\/v2\/tags?post=72213"}],"curies":[{"name":"wp","href":"https:\/\/api.w.org\/{rel}","templated":true}]}}