{"id":722158,"date":"2026-02-09T11:15:15","date_gmt":"2026-02-09T11:15:15","guid":{"rendered":"https:\/\/www.europesays.com\/fr\/722158\/"},"modified":"2026-02-09T11:15:15","modified_gmt":"2026-02-09T11:15:15","slug":"alzheimer-une-nouvelle-piste-pour-ralentir-le-declin-de-la-memoire","status":"publish","type":"post","link":"https:\/\/www.europesays.com\/fr\/722158\/","title":{"rendered":"Alzheimer : une nouvelle piste pour ralentir le d\u00e9clin de la m\u00e9moire"},"content":{"rendered":"<p class=\"mb-4 text-lg md:leading-8 break-words\">Des scientifiques ont identifi\u00e9 une nouvelle piste potentielle pour ralentir la perte de m\u00e9moire li\u00e9e \u00e0 la maladie d\u2019Alzheimer, un trouble neurod\u00e9g\u00e9n\u00e9ratif qui alt\u00e8re progressivement la m\u00e9moire et les fonctions cognitives, selon une <a href=\"https:\/\/www.pnas.org\/doi\/10.1073\/pnas.2521944123\" rel=\"nofollow noopener\" target=\"_blank\" data-ylk=\"slk:nouvelle \u00e9tude;elm:context_link;itc:0;sec:content-canvas\" class=\"link \">nouvelle \u00e9tude<\/a>.<\/p>\n<p class=\"mb-4 text-lg md:leading-8 break-words\">Des chercheurs du Cold Spring Harbor Laboratory, un institut \u00e0 but non lucratif bas\u00e9 dans l\u2019\u00c9tat de New York, ont d\u00e9couvert qu\u2019une enzyme appel\u00e9e PTP1B contribue au d\u00e9clin de la m\u00e9moire chez des souris atteintes de la maladie.<\/p>\n<p class=\"mb-4 text-lg md:leading-8 break-words\">Leurs r\u00e9sultats mettent en \u00e9vidence un nouveau r\u00f4le de cette enzyme dans la signalisation des cellules immunitaires et laissent penser qu\u2019elle pourrait constituer une piste th\u00e9rapeutique prometteuse contre la maladie d\u2019Alzheimer.<\/p>\n<p class=\"mb-4 text-lg md:leading-8 break-words\">Nicholas Tonks, auteur correspondant de l\u2019\u00e9tude et professeur au sein du laboratoire, \u00e9tudie le r\u00f4le de cette enzyme dans la sant\u00e9 et la maladie depuis la d\u00e9couverte de PTP1B en 1988.<\/p>\n<p class=\"mb-4 text-lg md:leading-8 break-words\"><b class=\"c-widget-related__title__text\">Related<\/b><\/p>\n<p class=\"mb-4 text-lg md:leading-8 break-words\">Tonks et son \u00e9quipe ont constat\u00e9 que la r\u00e9duction de l\u2019activit\u00e9 de PTP1B aidait les cellules immunitaires du cerveau \u00e0 \u00e9liminer les plaques d\u2019amylo\u00efde-\u03b2 (A\u03b2), des d\u00e9p\u00f4ts de prot\u00e9ines associ\u00e9s \u00e0 la maladie d\u2019Alzheimer. Ces cellules immunitaires, appel\u00e9es microglies, \u00e9liminent normalement les d\u00e9chets dans le cerveau, mais leur efficacit\u00e9 diminue au fur et \u00e0 mesure que la maladie progresse.<\/p>\n<p class=\"mb-4 text-lg md:leading-8 break-words\">L\u2019\u00e9tude sugg\u00e8re que PTP1B interagit avec une prot\u00e9ine appel\u00e9e spleen tyrosine kinase (SYK), qui r\u00e9gule la fa\u00e7on dont les microglies r\u00e9agissent aux l\u00e9sions et \u00e9liminent l\u2019A\u03b2.<\/p>\n<p class=\"mb-4 text-lg md:leading-8 break-words\">\u00ab Au fil de la maladie, ces cellules s\u2019\u00e9puisent et deviennent moins efficaces \u00bb, explique Yuxin Cen, auteur principal de l\u2019\u00e9tude.<\/p>\n<p class=\"mb-4 text-lg md:leading-8 break-words\">\u00ab Nos r\u00e9sultats indiquent que l\u2019inhibition de PTP1B peut am\u00e9liorer la fonction microgliale et favoriser l\u2019\u00e9limination des plaques d\u2019A\u03b2 \u00bb, ajoute Cen.<\/p>\n<p class=\"mb-4 text-lg md:leading-8 break-words\">On sait d\u00e9j\u00e0 que PTP1B joue un r\u00f4le important dans des troubles m\u00e9taboliques comme l\u2019ob\u00e9sit\u00e9 et le diab\u00e8te de type 2, deux autres <a href=\"https:\/\/www.euronews.com\/health\/2025\/01\/22\/scientists-in-italy-discover-rare-genetic-mutation-that-could-be-a-cause-of-alzheimers\" rel=\"nofollow noopener\" target=\"_blank\" data-ylk=\"slk:facteurs de risque bien connus de ce trouble neurod\u00e9g\u00e9n\u00e9ratif;elm:context_link;itc:0;sec:content-canvas\" class=\"link \">facteurs de risque bien connus de ce trouble neurod\u00e9g\u00e9n\u00e9ratif<\/a>.<\/p>\n<p>Une nouvelle voie th\u00e9rapeutique<\/p>\n<p class=\"mb-4 text-lg md:leading-8 break-words\">Le laboratoire travaille d\u00e9sormais au d\u00e9veloppement d\u2019inhibiteurs de PTP1B pour de multiples applications.<\/p>\n<p class=\"mb-4 text-lg md:leading-8 break-words\">Pour la maladie d\u2019Alzheimer, Tonks imagine une combinaison de th\u00e9rapies associant les m\u00e9dicaments d\u00e9j\u00e0 approuv\u00e9s \u00e0 des inhibiteurs de PTP1B.<\/p>\n<p class=\"mb-4 text-lg md:leading-8 break-words\">Selon l\u2019Organisation mondiale de la sant\u00e9 (OMS), des inhibiteurs de la cholinest\u00e9rase comme le don\u00e9p\u00e9zil sont actuellement utilis\u00e9s pour traiter la maladie d\u2019Alzheimer, tandis que des antagonistes des r\u00e9cepteurs NMDA comme la m\u00e9mantine sont prescrits aux stades plus avanc\u00e9s.<\/p>\n<p class=\"mb-4 text-lg md:leading-8 break-words\">\u00ab L\u2019objectif est de ralentir la progression de la maladie d\u2019Alzheimer et d\u2019am\u00e9liorer la qualit\u00e9 de vie des patients \u00bb, a d\u00e9clar\u00e9 Tonks.<\/p>\n<p class=\"mb-4 text-lg md:leading-8 break-words\">Plus de 55 millions de personnes vivent avec une d\u00e9mence dans le monde, la maladie d\u2019Alzheimer repr\u00e9sentant jusqu\u2019\u00e0 70 % des cas, selon l\u2019OMS.<\/p>\n<p class=\"mb-4 text-lg md:leading-8 break-words\">\u00ab C\u2019est un deuil lent \u00bb, confie Tonks, dont la m\u00e8re \u00e9tait atteinte de la maladie d\u2019Alzheimer. \u00ab On perd la personne peu \u00e0 peu, morceau par morceau. \u00bb<\/p>\n<p class=\"mb-4 text-lg md:leading-8 break-words\">Ce texte a \u00e9t\u00e9 traduit avec l\u2019aide de l\u2019intelligence artificielle. Signaler un probl\u00e8me : [feedback-articles-fr@euronews.com].<\/p>\n","protected":false},"excerpt":{"rendered":"Des scientifiques ont identifi\u00e9 une nouvelle piste potentielle pour ralentir la perte de m\u00e9moire li\u00e9e \u00e0 la maladie&hellip;\n","protected":false},"author":2,"featured_media":722159,"comment_status":"","ping_status":"","sticky":false,"template":"","format":"standard","meta":{"footnotes":"","_share_on_mastodon":"0"},"categories":[10],"tags":[72202,1011,27,72,487,3360,277,40644,71],"class_list":["post-722158","post","type-post","status-publish","format-standard","has-post-thumbnail","category-sante","tag-cellules-immunitaires","tag-fr","tag-france","tag-health","tag-lorganisation-mondiale-de-la-sante","tag-la-sante","tag-maladie-dalzheimer","tag-perte-de-memoire","tag-sante"],"share_on_mastodon":{"url":"https:\/\/pubeurope.com\/@fr\/116040389407063952","error":""},"_links":{"self":[{"href":"https:\/\/www.europesays.com\/fr\/wp-json\/wp\/v2\/posts\/722158","targetHints":{"allow":["GET"]}}],"collection":[{"href":"https:\/\/www.europesays.com\/fr\/wp-json\/wp\/v2\/posts"}],"about":[{"href":"https:\/\/www.europesays.com\/fr\/wp-json\/wp\/v2\/types\/post"}],"author":[{"embeddable":true,"href":"https:\/\/www.europesays.com\/fr\/wp-json\/wp\/v2\/users\/2"}],"replies":[{"embeddable":true,"href":"https:\/\/www.europesays.com\/fr\/wp-json\/wp\/v2\/comments?post=722158"}],"version-history":[{"count":0,"href":"https:\/\/www.europesays.com\/fr\/wp-json\/wp\/v2\/posts\/722158\/revisions"}],"wp:featuredmedia":[{"embeddable":true,"href":"https:\/\/www.europesays.com\/fr\/wp-json\/wp\/v2\/media\/722159"}],"wp:attachment":[{"href":"https:\/\/www.europesays.com\/fr\/wp-json\/wp\/v2\/media?parent=722158"}],"wp:term":[{"taxonomy":"category","embeddable":true,"href":"https:\/\/www.europesays.com\/fr\/wp-json\/wp\/v2\/categories?post=722158"},{"taxonomy":"post_tag","embeddable":true,"href":"https:\/\/www.europesays.com\/fr\/wp-json\/wp\/v2\/tags?post=722158"}],"curies":[{"name":"wp","href":"https:\/\/api.w.org\/{rel}","templated":true}]}}