{"id":722347,"date":"2026-02-09T13:07:09","date_gmt":"2026-02-09T13:07:09","guid":{"rendered":"https:\/\/www.europesays.com\/fr\/722347\/"},"modified":"2026-02-09T13:07:09","modified_gmt":"2026-02-09T13:07:09","slug":"que-sest-il-passe-dans-le-tunnel-des-buttes-chaumont","status":"publish","type":"post","link":"https:\/\/www.europesays.com\/fr\/722347\/","title":{"rendered":"que s&rsquo;est-il pass\u00e9 dans le tunnel des Buttes Chaumont\u00a0?"},"content":{"rendered":"<p>                    Par<br \/>\n        <strong><br \/>\n            <a href=\"https:\/\/actu.fr\/auteur\/redaction-paris\" title=\"Consulter tous les articles de R\u00e9daction Paris\" rel=\"nofollow noopener\" target=\"_blank\">R\u00e9daction Paris<\/a><br \/>\n                    <\/strong><\/p>\n<p>        Publi\u00e9 le<\/p>\n<p>            9 f\u00e9vr. 2026 \u00e0 13h46        <\/p>\n<p>L\u2019apr\u00e8s-midi de farniente des parisiens qui \u00e9taient venus profiter du soleil dans le parc des <a href=\"https:\/\/actu.fr\/tag\/buttes-chaumont\" rel=\"nofollow noopener\" target=\"_blank\">Buttes-Chaumont<\/a> dans le 19\u00e8me arrondissement de <a href=\"https:\/\/actu.fr\/paris\/\" rel=\"nofollow noopener\" target=\"_blank\">Paris<\/a>, dimanche 8 f\u00e9vrier 2026, a \u00e9t\u00e9 momentan\u00e9ment perturb\u00e9e par une <strong>\u00e9paisse fum\u00e9e<\/strong> provenant d\u2019un tunnel.<\/p>\n<p>Une unit\u00e9 sp\u00e9ciale d\u00e9ploy\u00e9e<\/p>\n<p class=\" wall-content\">Sur les r\u00e9seaux sociaux, des messages faisant \u00e9tat de <strong>fum\u00e9es <\/strong>visibles \u00e0 \u00ab\u00a0plus d\u2019un kilom\u00e8tre\u00a0\u00bb ont \u00e9t\u00e9 publi\u00e9s. Rapidement, les <a href=\"https:\/\/actu.fr\/tag\/pompiers\" rel=\"nofollow noopener\" target=\"_blank\">sapeurs-pompiers<\/a> de Paris sont intervenus aux alentours de 16 heures afin d\u2019\u00e9teindre ce qui s\u2019est av\u00e9r\u00e9 \u00eatre un <a href=\"https:\/\/actu.fr\/tag\/incendie\" rel=\"nofollow noopener\" target=\"_blank\">incendie<\/a> de d\u00e9tritus, a appris actu Paris aupr\u00e8s de la <a href=\"https:\/\/actu.fr\/tag\/brigade-de-sapeurs-pompiers-de-paris\" rel=\"nofollow noopener\" target=\"_blank\">BSPP<\/a>.<\/p>\n<p class=\" wall-content\">\n<p class=\" wall-content\">Un feu de moindre ampleur, rapidement \u00e9teint et n\u2019ayant fait aucun bless\u00e9, qui a n\u00e9anmoins n\u00e9cessit\u00e9 l\u2019intervention du <strong>groupe d\u2019exploration longue dur\u00e9e<\/strong>, une unit\u00e9 sp\u00e9ciale compos\u00e9e de pompiers experts en souterrain.<\/p>\n<p class=\" wall-content\">Outre la chaleur de fournaise, un feu de parking ou de cave produit une fum\u00e9e noire stagnante, r\u00e9duisant automatiquement la visibilit\u00e9 et rendant l\u2019air irrespirable. Afin de se pr\u00e9parer au mieux \u00e0 ces incendies particuli\u00e8rement dangereux, la <a href=\"https:\/\/actu.fr\/ile-de-france\/paris_75056\/apprendre-a-gerer-le-stress-a-l-ecole-des-pompiers-de-paris-un-entrainement-en-condition-extreme_63545613.html\" rel=\"nofollow noopener\" target=\"_blank\">BSPP dispose d\u2019un syst\u00e8me unique en France<\/a> : la cave \u00e0 fum\u00e9es (CAFU).<\/p>\n<p class=\" wall-content\">Personnalisez votre actualit\u00e9 en ajoutant vos villes et m\u00e9dias en favori avec <a href=\"https:\/\/moncompte.actu.fr\" title=\"D\u00e9couvez Mon Actu\" rel=\"nofollow noopener\" data-trk=\"{&quot;cta&quot;:{&quot;action&quot;:&quot;https:\\\/\\\/moncompte.actu.fr&quot;,&quot;category&quot;:&quot;mon compte&quot;,&quot;from&quot;:&quot;article footer&quot;,&quot;name&quot;:&quot;Mon actu&quot;,&quot;type&quot;:&quot;cta&quot;}}\" target=\"_blank\">Mon Actu<\/a>.<\/p>\n","protected":false},"excerpt":{"rendered":"Par R\u00e9daction Paris Publi\u00e9 le 9 f\u00e9vr. 2026 \u00e0 13h46 L\u2019apr\u00e8s-midi de farniente des parisiens qui \u00e9taient venus&hellip;\n","protected":false},"author":2,"featured_media":722348,"comment_status":"","ping_status":"","sticky":false,"template":"","format":"standard","meta":{"footnotes":"","_share_on_mastodon":"0"},"categories":[1888],"tags":[1111,1928,11,1927,3056,1777,674,118,1011,27,1310,12,1926,626,1925,1311,25],"class_list":["post-722347","post","type-post","status-publish","format-standard","has-post-thumbnail","category-paris","tag-actu","tag-actu-paris","tag-actualites","tag-actualites-paris","tag-brigade-de-sapeurs-pompiers-de-paris","tag-eu","tag-europe","tag-faits-divers","tag-fr","tag-france","tag-incendie","tag-news","tag-news-paris","tag-paris","tag-paris-news","tag-pompiers","tag-republique-francaise"],"share_on_mastodon":{"url":"https:\/\/pubeurope.com\/@fr\/116040829941968651","error":""},"_links":{"self":[{"href":"https:\/\/www.europesays.com\/fr\/wp-json\/wp\/v2\/posts\/722347","targetHints":{"allow":["GET"]}}],"collection":[{"href":"https:\/\/www.europesays.com\/fr\/wp-json\/wp\/v2\/posts"}],"about":[{"href":"https:\/\/www.europesays.com\/fr\/wp-json\/wp\/v2\/types\/post"}],"author":[{"embeddable":true,"href":"https:\/\/www.europesays.com\/fr\/wp-json\/wp\/v2\/users\/2"}],"replies":[{"embeddable":true,"href":"https:\/\/www.europesays.com\/fr\/wp-json\/wp\/v2\/comments?post=722347"}],"version-history":[{"count":0,"href":"https:\/\/www.europesays.com\/fr\/wp-json\/wp\/v2\/posts\/722347\/revisions"}],"wp:featuredmedia":[{"embeddable":true,"href":"https:\/\/www.europesays.com\/fr\/wp-json\/wp\/v2\/media\/722348"}],"wp:attachment":[{"href":"https:\/\/www.europesays.com\/fr\/wp-json\/wp\/v2\/media?parent=722347"}],"wp:term":[{"taxonomy":"category","embeddable":true,"href":"https:\/\/www.europesays.com\/fr\/wp-json\/wp\/v2\/categories?post=722347"},{"taxonomy":"post_tag","embeddable":true,"href":"https:\/\/www.europesays.com\/fr\/wp-json\/wp\/v2\/tags?post=722347"}],"curies":[{"name":"wp","href":"https:\/\/api.w.org\/{rel}","templated":true}]}}