{"id":72240,"date":"2025-05-03T17:00:11","date_gmt":"2025-05-03T17:00:11","guid":{"rendered":"https:\/\/www.europesays.com\/fr\/72240\/"},"modified":"2025-05-03T17:00:11","modified_gmt":"2025-05-03T17:00:11","slug":"son-premier-test-sur-la-ducati-a-change-la-carriere-dalex-marquez","status":"publish","type":"post","link":"https:\/\/www.europesays.com\/fr\/72240\/","title":{"rendered":"Son premier test sur la Ducati a chang\u00e9 la carri\u00e8re d&rsquo;\u00c1lex M\u00e1rquez"},"content":{"rendered":"<p>\u00c0 29 ans, <a href=\"https:\/\/fr.motorsport.com\/driver\/alex-marquez\/96324\/\" target=\"_blank\" rel=\"noopener\">\u00c1lex M\u00e1rquez<\/a> voit enfin les plan\u00e8tes s&rsquo;aligner pour lui. Il vient de remporter sa premi\u00e8re victoire en MotoGP et m\u00e8ne le championnat du monde, lui qui s&rsquo;est affirm\u00e9 jusqu&rsquo;ici comme le plus gros caillou dans la chaussure de <a href=\"https:\/\/fr.motorsport.com\/driver\/marc-marquez\/92646\/\" target=\"_blank\" rel=\"noopener\">Marc M\u00e1rquez<\/a>. Tr\u00e8s r\u00e9gulier avec une s\u00e9rie de deuxi\u00e8mes places dans laquelle n&rsquo;ont d\u00e9tonn\u00e9 qu&rsquo;une sixi\u00e8me position au Qatar due \u00e0 une erreur et sa victoire \u00e0 Jerez, il a marqu\u00e9 140 points en cinq Grands Prix, du jamais vu.<\/p>\n<p>Alors qu&rsquo;il dispute sa sixi\u00e8me saison dans la cat\u00e9gorie reine, le plus jeune des fr\u00e8res M\u00e1rquez semble donc \u00eatre arriv\u00e9 \u00e0 la concr\u00e9tisation qu&rsquo;il attendait. Mais pour en arriver l\u00e0, il a d\u00fb manger son pain noir. M\u00eame une fois promu en MotoGP, il a d\u00fb composer avec l&rsquo;obligation de faire ses preuves pour r\u00e9pondre aux attentes incommensurables que g\u00e9n\u00e8re le nom M\u00e1rquez, tout en composant avec une moto extr\u00eamement rude dans ses premi\u00e8res ann\u00e9es.<\/p>\n<p>Sa promotion a en effet fait suite au d\u00e9part pr\u00e9matur\u00e9 de <a href=\"https:\/\/fr.motorsport.com\/driver\/jorge-lorenzo\/80193\/\" target=\"_blank\" rel=\"noopener\">Jorge Lorenzo<\/a>. Celui-ci disposait de deux ans de contrat pour courir chez Repsol Honda, mais \u00e9chaud\u00e9 par la rudesse de la RC213V et les blessures subies pendant sa premi\u00e8re saison, il a choisi fin 2019 de ne pas aller plus loin. C&rsquo;est alors que Honda a recrut\u00e9 au pied lev\u00e9 celui qui venait de remporter le titre Moto2 et s&rsquo;orientait vers une nouvelle saison dans la cat\u00e9gorie interm\u00e9diaire.<\/p>\n<p>La Honda de 2020 n&rsquo;\u00e9tait pas franchement un cadeau pour d\u00e9buter. Les deux podiums d&rsquo;\u00c1lex M\u00e1rquez cette ann\u00e9e-l\u00e0 tenaient du miracle. Il est rest\u00e9 sur la moto japonaise pendant encore deux ans, cette fois au sein du team LCR, avec des r\u00e9sultats qui n&rsquo;ont cess\u00e9 de reculer et un mal-\u00eatre grandissant. Courant 2022, le pilote au num\u00e9ro 73 ne cachait rien de son manque de motivation, tellement peu \u00e0 l&rsquo;aise avec sa moto qu&rsquo;il a m\u00eame envisag\u00e9 de ne pas courir l&rsquo;ann\u00e9e suivante. C&rsquo;est finalement en allant lui-m\u00eame convaincre le team Gresini de l&rsquo;engager qu&rsquo;il s&rsquo;est relanc\u00e9.<\/p>\n<p>\u00ab\u00a0Je me souviens qu&rsquo;en 2022, on \u00e9tait au Sachsenring, donc d\u00e9j\u00e0 la mi-saison, et tout le monde avait un contrat mais moi je n&rsquo;en avais pas et les \u00e9quipes ne manifestaient pas d&rsquo;int\u00e9r\u00eat\u00a0\u00bb, a racont\u00e9 \u00c1lex M\u00e1rquez apr\u00e8s sa victoire \u00e0 Jerez. \u00ab\u00a0Donc je suis all\u00e9 chez Gresini et j&rsquo;ai juste dit\u00a0:\u00a0&lsquo;Je veux votre moto, le reste ne m&rsquo;importe pas. Je veux juste votre moto et voir quel est mon potentiel. Faites-moi faire une ann\u00e9e et apr\u00e8s on verra&rsquo;.\u00a0\u00bb<\/p>\n<p>   <img decoding=\"async\" draggable=\"false\" src=\"https:\/\/www.europesays.com\/fr\/wp-content\/uploads\/2025\/05\/alex-marquez-gresini-racing-1.jpg\" alt=\"Son premier test avec la Ducati a tout chang\u00e9 pour Alex Marquez.\" width=\"1200\" height=\"800\" loading=\"lazy\"\/> <\/p>\n<p class=\"title\">Son premier test avec la Ducati a tout chang\u00e9 pour \u00c1lex M\u00e1rquez.<\/p>\n<p class=\"photographer\">Photo de: Gold and Goose \/ Motorsport Images<\/p>\n<p>Ce coup de poker a tout chang\u00e9, car rejoindre l&rsquo;\u00e9quipe Gresini signifiait piloter la Ducati et \u00c1lex M\u00e1rquez a imm\u00e9diatement compris qu&rsquo;il serait bien moins en souffrance qu&rsquo;avec la Honda. \u00ab\u00a0Honn\u00eatement, d\u00e8s mon premier tour avec la Ducati, \u00e0 Valence, j&rsquo;ai compris que le potentiel \u00e9tait l\u00e0 et que \u00e7a n&rsquo;\u00e9tait qu&rsquo;une question de temps avant de revenir\u00a0\u00bb,\u00a0a-t-il en effet r\u00e9v\u00e9l\u00e9.\u00a0\u00ab\u00a0C&rsquo;est \u00e0 Valence en 2022 que j&rsquo;ai r\u00e9alis\u00e9 que le potentiel \u00e9tait l\u00e0 et que c&rsquo;\u00e9tait une question de temps pour m&rsquo;habituer \u00e0 la Ducati avant de revenir.\u00a0\u00bb<\/p>\n<p>Une victoire aussi forte que ses deux titres<\/p>\n<p>Les difficult\u00e9s n&rsquo;\u00e9taient pas termin\u00e9es pour autant, puisqu&rsquo;apr\u00e8s avoir obtenu de premiers podiums en 2023, l&rsquo;Espagnol a marqu\u00e9 le pas l&rsquo;an dernier au guidon d&rsquo;une spec notoirement plus rustre. Aujourd&rsquo;hui, pass\u00e9 sur une GP24 unanimement estim\u00e9e \u00e0 un niveau \u00e9quivalent \u00e0 celui de la moto d&rsquo;usine actuelle,\u00a0\u00c1lex M\u00e1rquez voit dans les m\u00e9andres de sa saison pass\u00e9e une richesse d&rsquo;exp\u00e9rience dont il profite.<\/p>\n<p>\u00ab\u00a0Il est vrai que l&rsquo;ann\u00e9e derni\u00e8re, pour moi, \u00e7a a \u00e9t\u00e9 en quelque sorte un cauchemar \u00e0 certains moments de la saison parce que je n&rsquo;arrivais pas \u00e0 atteindre mes attentes avec cette moto, mais \u00e7a a \u00e9t\u00e9 une ann\u00e9e durant laquelle j&rsquo;ai beaucoup appris\u00a0\u00bb, a-t-il en effet soulign\u00e9. \u00ab\u00a0C&rsquo;est la raison pour laquelle je suis tr\u00e8s comp\u00e9titif cette ann\u00e9e, parce que j&rsquo;ai \u00e9t\u00e9 habitu\u00e9 \u00e0 piloter une moto qui \u00e9tait un cran en-dessous par rapport \u00e0 la GP24.\u00a0\u00bb<\/p>\n<p>Preuve des difficult\u00e9s travers\u00e9es, le double champion du monde Moto2 et Moto3 a affirm\u00e9 placer cette victoire d\u00e9croch\u00e9e \u00e0 Jerez au plus haut niveau dans son panth\u00e9on personnel. \u00ab\u00a0Au m\u00eame niveau que mes deux titres. Aujourd&rsquo;hui, c&rsquo;est \u00e0 ce niveau-l\u00e0\u00a0\u00bb, a-t-il r\u00e9pondu lorsqu&rsquo;il lui a \u00e9t\u00e9 demand\u00e9 o\u00f9 il pla\u00e7ait ce succ\u00e8s dans sa carri\u00e8re.<\/p>\n<p>\u00ab\u00a0Quand j&rsquo;ai pass\u00e9 le dernier virage, je ressentais un m\u00e9lange d&rsquo;\u00e9motions, j&rsquo;\u00e9tais \u00e0 la fois heureux et \u00e9mu. C&rsquo;\u00e9tait vraiment beau\u00a0\u00bb, a-t-il encore d\u00e9crit dimanche. \u00ab\u00a0[Quartararo et Bagnaia] ont peut-\u00eatre eu un parcours plus simple pour acc\u00e9der au MotoGP. Pour moi, \u00e7a a \u00e9t\u00e9 dur certaines ann\u00e9es. Mais quand on a les bonnes personnes \u00e0 ses c\u00f4t\u00e9s&#8230; C&rsquo;est \u00e0 ces personnes-l\u00e0 que j&rsquo;ai beaucoup pens\u00e9, comme mon grand-p\u00e8re et toute ma famille, et puis en particulier Marc. Il est avec moi tous les jours, il est celui qui me soutient le plus, qui me donne le plus de conseils.\u00a0\u00bb<\/p>\n<p>Lire aussi :<\/p>\n<p>Dans cet article<\/p>\n<p>    L\u00e9na Buffa\n<\/p>\n<p>    MotoGP\n<\/p>\n<p>    \u00c1lex M\u00e1rquez\n<\/p>\n<p>    Gresini Racing\n<\/p>\n<p>Soyez le premier inform\u00e9 et souscrivez aux alertes mails pour recevoir les infos en temps r\u00e9el<\/p>\n<p>    S&rsquo;abonner aux alertes de news<\/p>\n","protected":false},"excerpt":{"rendered":"\u00c0 29 ans, \u00c1lex M\u00e1rquez voit enfin les plan\u00e8tes s&rsquo;aligner pour lui. Il vient de remporter sa premi\u00e8re&hellip;\n","protected":false},"author":2,"featured_media":72241,"comment_status":"","ping_status":"","sticky":false,"template":"","format":"standard","meta":{"footnotes":""},"categories":[1413],"tags":[1011,27,3452,1457,1456,1458,60,7896],"class_list":{"0":"post-72240","1":"post","2":"type-post","3":"status-publish","4":"format-standard","5":"has-post-thumbnail","7":"category-moto","8":"tag-fr","9":"tag-france","10":"tag-gresini-racing","11":"tag-moto","12":"tag-motocycle","13":"tag-motogp","14":"tag-sports","15":"tag-u00c1lex-mu00e1rquez"},"share_on_mastodon":{"url":"https:\/\/pubeurope.com\/@fr\/114444974413696387","error":""},"_links":{"self":[{"href":"https:\/\/www.europesays.com\/fr\/wp-json\/wp\/v2\/posts\/72240","targetHints":{"allow":["GET"]}}],"collection":[{"href":"https:\/\/www.europesays.com\/fr\/wp-json\/wp\/v2\/posts"}],"about":[{"href":"https:\/\/www.europesays.com\/fr\/wp-json\/wp\/v2\/types\/post"}],"author":[{"embeddable":true,"href":"https:\/\/www.europesays.com\/fr\/wp-json\/wp\/v2\/users\/2"}],"replies":[{"embeddable":true,"href":"https:\/\/www.europesays.com\/fr\/wp-json\/wp\/v2\/comments?post=72240"}],"version-history":[{"count":0,"href":"https:\/\/www.europesays.com\/fr\/wp-json\/wp\/v2\/posts\/72240\/revisions"}],"wp:featuredmedia":[{"embeddable":true,"href":"https:\/\/www.europesays.com\/fr\/wp-json\/wp\/v2\/media\/72241"}],"wp:attachment":[{"href":"https:\/\/www.europesays.com\/fr\/wp-json\/wp\/v2\/media?parent=72240"}],"wp:term":[{"taxonomy":"category","embeddable":true,"href":"https:\/\/www.europesays.com\/fr\/wp-json\/wp\/v2\/categories?post=72240"},{"taxonomy":"post_tag","embeddable":true,"href":"https:\/\/www.europesays.com\/fr\/wp-json\/wp\/v2\/tags?post=72240"}],"curies":[{"name":"wp","href":"https:\/\/api.w.org\/{rel}","templated":true}]}}