{"id":72267,"date":"2025-05-03T17:15:10","date_gmt":"2025-05-03T17:15:10","guid":{"rendered":"https:\/\/www.europesays.com\/fr\/72267\/"},"modified":"2025-05-03T17:15:10","modified_gmt":"2025-05-03T17:15:10","slug":"gabon-oligui-nguema-investi-apres-19-mois-de-transition-actualites","status":"publish","type":"post","link":"https:\/\/www.europesays.com\/fr\/72267\/","title":{"rendered":"Gabon: Oligui Nguema investi apr\u00e8s 19 mois de transition : Actualit\u00e9s"},"content":{"rendered":"<p class=\"lead \">Le pr\u00e9sident Brice Clotaire Oligui Nguema a \u00e9t\u00e9 investi samedi dans un stade pr\u00e8s de Libreville devant environ 40.000 personnes, mettant fin \u00e0 son r\u00f4le de chef de la transition, apr\u00e8s 19 mois de r\u00e9gime d&rsquo;exception.<\/p>\n<p class=\"lead \">M. Oligui, g\u00e9n\u00e9ral de brigade, tombeur de la dynastie Bongo, a pr\u00eat\u00e9 serment sur la nouvelle constitution approuv\u00e9e par r\u00e9f\u00e9rendum pendant la transition en novembre 2024.<\/p>\n<p class=\"lead \">\u00ab\u00a0L&rsquo;\u00e9lection du Pr\u00e9sident de la R\u00e9publique met fin au processus de transition et marque en cons\u00e9quence le retour \u00e0 l&rsquo;ordre constitutionnel\u00a0\u00bb, a-t-il martel\u00e9 lors de son discours d&rsquo;investiture.<\/p>\n<p class=\"lead \">Le g\u00e9n\u00e9ral-pr\u00e9sident, pl\u00e9biscit\u00e9 le 12 avril avec 94,85% des voix, avait fait son entr\u00e9e dans le stade vers 13H30 (12H30 GMT) saluant la foule debout \u00e0 l&rsquo;arri\u00e8re d&rsquo;une voiture au toit ouvert, en costume civil sombre, \u00e9charpe rouge sur le torse. Il prend officiellement les commandes du pays pour un mandat de sept ans.<\/p>\n<p class=\"lead \">Avant un retour complet \u00e0 l&rsquo;ordre constitutionnel, le Gabon devra encore organiser des \u00e9lections l\u00e9gislatives et locales. Le pr\u00e9sident a annonc\u00e9 samedi qu&rsquo;elles se tiendront \u00e0 l&rsquo;automne 2025.<\/p>\n<p class=\"lead \">D\u00e8s 07H00 (06H00 GMT), des encombrements \u00e9taient visibles dans les rues de Libreville et aux abords du stade \u00e0 Akanda, au nord de la capitale, ont constat\u00e9 des journalistes de l&rsquo;AFP.<\/p>\n<p class=\"lead \">-\u00ab\u00a0Mod\u00e8le de transition r\u00e9ussie\u00a0\u00bb-<\/p>\n<p class=\"lead \">Les spectateurs, arborant t-shirts et drapeaux \u00e0 l&rsquo;effigie du pr\u00e9sident, ont attendu une grande partie de la journ\u00e9e dans une ambiance festive le remplissage progressif des tribunes.<\/p>\n<p class=\"lead \">Le stade d&rsquo;Angondj\u00e9 ou stade de l&rsquo;amiti\u00e9 sino-gabonaise, au nord de la capitale, a accueilli gratuitement les Gabonais. C&rsquo;est la premi\u00e8re fois au Gabon qu&rsquo;une c\u00e9r\u00e9monie de prestation de serment pr\u00e9sidentielle a lieu devant un public aussi large.<\/p>\n<p class=\"lead \">Seize chefs d&rsquo;Etat du continent africain ont assist\u00e9 \u00e0 l&rsquo;\u00e9v\u00e9nement, dont Umaro Sissoco Embalo (Guin\u00e9e Bissau), Adama Barrow (Gambie), Bassirou Diomaye Faye (S\u00e9n\u00e9gal), Faustin-Archange Touad\u00e9ra (Centrafrique) ou encore Teodoro Obiang Nguema Mbasogo (Guin\u00e9e \u00e9quatoriale).<\/p>\n<p class=\"lead \">Le pr\u00e9sident de la R\u00e9publique d\u00e9mocratique du Congo (RDC) F\u00e9lix Tshisekedi \u00e9tait aussi pr\u00e9sent, de m\u00eame que le chef de l&rsquo;Etat rwandais Paul Kagame. Kigali et Kinshasa sont actuellement en pourparlers pour tenter de mettre fin au conflit dans l&rsquo;Est de la RDC. <\/p>\n<p class=\"lead \">Et le g\u00e9n\u00e9ral Mamadi Doumbouya, qui a pris le pouvoir par la force en septembre 2021 en Guin\u00e9e, est arriv\u00e9 v\u00eatu d&rsquo;habits traditionnels africains, comme le pr\u00e9sident tchadien Mahamat D\u00e9by.<\/p>\n<p class=\"lead \">\u00ab\u00a0D\u00e9sormais, le Gabon est membre \u00e0 part enti\u00e8re des Etats d\u00e9mocratiques et sera \u00e0 tout jamais un mod\u00e8le type de transition r\u00e9ussie\u00a0\u00bb, a dit M. Touad\u00e9ra dans une allocution en tant que facilitateur de la Communaut\u00e9 \u00e9conomique des Etats de l&rsquo;Afrique centrale (CEAC) pour la transition gabonaise.<\/p>\n<p class=\"lead \">La France \u00e9tait repr\u00e9sent\u00e9e \u00e0 Libreville par son ministre d\u00e9l\u00e9gu\u00e9 charg\u00e9 de l&rsquo;Europe, Benjamin Haddad.<\/p>\n<p class=\"lead \">D\u00e8s mardi soir, dans un ultime communiqu\u00e9, les militaires et membres des forces de s\u00e9curit\u00e9 du Comit\u00e9 pour la transition et la restauration des institutions (CTRI), l&rsquo;organe mis en place apr\u00e8s la chute d&rsquo;Ali Bongo, ont annonc\u00e9 leur dissolution.<\/p>\n<p class=\"lead \">-\u00ab\u00a0Militaires dans les casernes\u00a0\u00bb-<\/p>\n<p class=\"lead \">Dans un communiqu\u00e9 vid\u00e9o le colonel Ulrich Manfoumbi, porte-parole du CTRI, a estim\u00e9 que cette dissolution officialisait le \u00ab\u00a0retour des militaires dans leurs casernes\u00a0\u00bb.<\/p>\n<p class=\"lead \">De s\u00e9rieux d\u00e9fis attendent d\u00e9sormais M. Oligui Nguema, \u00e0 la t\u00eate d&rsquo;un pays riche en p\u00e9trole mais dont l&rsquo;\u00e9conomie est en difficult\u00e9.<\/p>\n<p class=\"lead \">Parmi les principales pr\u00e9occupations, le r\u00e9seau d&rsquo;\u00e9lectricit\u00e9 vieillissant occasionne de nombreuses coupures d&rsquo;\u00e9lectricit\u00e9, le ch\u00f4mage des jeunes avoisine les 40%, les infrastructures routi\u00e8res sont absentes ou d\u00e9grad\u00e9es et la dette du pays devrait atteindre les 80% du PIB en 2025.<\/p>\n<p class=\"lead \">La lutte contre la corruption fait \u00e9galement partie des priorit\u00e9s du pr\u00e9sident qui a estim\u00e9 que le nouveau r\u00e9gime \u00ab\u00a0pose l&rsquo;exigence de mettre fin \u00e0 l&rsquo;impunit\u00e9, \u00e0 la corruption, au laxisme et \u00e0 la paresse\u00a0\u00bb.<\/p>\n<p class=\"lead \">Selon la nouvelle Constitution, le pr\u00e9sident \u00e9lu prendra la t\u00eate du pays avec des pouvoirs \u00e9largis. Le poste de Premier ministre a \u00e9t\u00e9 supprim\u00e9 \u00e0 la faveur de la cr\u00e9ation d&rsquo;un poste de vice-pr\u00e9sident.<\/p>\n<p class=\"lead \">\u00ab\u00a0Le chemin qui conduit \u00e0 l&rsquo;essor vers la f\u00e9licit\u00e9 sera long, mais avec le travail, la discipline, l&rsquo;effort, la foi en notre pays, nous d\u00e9placerons les montagnes\u00a0\u00bb, a-t-il conclu en r\u00e9f\u00e9rence aux paroles de l&rsquo;hymne national.<\/p>\n<p class=\"lead \">La c\u00e9r\u00e9monie devait s&rsquo;achever en fin d&rsquo;apr\u00e8s-midi par un d\u00e9fil\u00e9 militaire.<\/p>\n<p class=\"small font-weight-bold text-gray3 \"> publi\u00e9 le 3 mai \u00e0 18h37, AFP<\/p>\n<p>                             Partager<\/p>\n","protected":false},"excerpt":{"rendered":"Le pr\u00e9sident Brice Clotaire Oligui Nguema a \u00e9t\u00e9 investi samedi dans un stade pr\u00e8s de Libreville devant environ&hellip;\n","protected":false},"author":2,"featured_media":72268,"comment_status":"","ping_status":"","sticky":false,"template":"","format":"standard","meta":{"footnotes":""},"categories":[5],"tags":[11,17535,1011,27,1772,418,14,17536,12,316,28],"class_list":{"0":"post-72267","1":"post","2":"type-post","3":"status-publish","4":"format-standard","5":"has-post-thumbnail","7":"category-international","8":"tag-actualites","9":"tag-crmonie","10":"tag-fr","11":"tag-france","12":"tag-gabon","13":"tag-gouvernement","14":"tag-international","15":"tag-investiture","16":"tag-news","17":"tag-politique","18":"tag-world"},"share_on_mastodon":{"url":"https:\/\/pubeurope.com\/@fr\/114445033506701575","error":""},"_links":{"self":[{"href":"https:\/\/www.europesays.com\/fr\/wp-json\/wp\/v2\/posts\/72267","targetHints":{"allow":["GET"]}}],"collection":[{"href":"https:\/\/www.europesays.com\/fr\/wp-json\/wp\/v2\/posts"}],"about":[{"href":"https:\/\/www.europesays.com\/fr\/wp-json\/wp\/v2\/types\/post"}],"author":[{"embeddable":true,"href":"https:\/\/www.europesays.com\/fr\/wp-json\/wp\/v2\/users\/2"}],"replies":[{"embeddable":true,"href":"https:\/\/www.europesays.com\/fr\/wp-json\/wp\/v2\/comments?post=72267"}],"version-history":[{"count":0,"href":"https:\/\/www.europesays.com\/fr\/wp-json\/wp\/v2\/posts\/72267\/revisions"}],"wp:featuredmedia":[{"embeddable":true,"href":"https:\/\/www.europesays.com\/fr\/wp-json\/wp\/v2\/media\/72268"}],"wp:attachment":[{"href":"https:\/\/www.europesays.com\/fr\/wp-json\/wp\/v2\/media?parent=72267"}],"wp:term":[{"taxonomy":"category","embeddable":true,"href":"https:\/\/www.europesays.com\/fr\/wp-json\/wp\/v2\/categories?post=72267"},{"taxonomy":"post_tag","embeddable":true,"href":"https:\/\/www.europesays.com\/fr\/wp-json\/wp\/v2\/tags?post=72267"}],"curies":[{"name":"wp","href":"https:\/\/api.w.org\/{rel}","templated":true}]}}