{"id":72277,"date":"2025-05-03T17:20:09","date_gmt":"2025-05-03T17:20:09","guid":{"rendered":"https:\/\/www.europesays.com\/fr\/72277\/"},"modified":"2025-05-03T17:20:09","modified_gmt":"2025-05-03T17:20:09","slug":"une-nouvelle-approche-pour-motiver-les-habitants","status":"publish","type":"post","link":"https:\/\/www.europesays.com\/fr\/72277\/","title":{"rendered":"une nouvelle approche pour motiver les habitants"},"content":{"rendered":"<p>La premi\u00e8re \u00e9tape de cette manifestation, qui se d\u00e9roulera du 19 au 23\u00a0mai \u00e0 Lenoncourt, vise \u00e0 cr\u00e9er du lien \u00e0 travers la musique.<\/p>\n<p>Dans le cadre de l\u2019organisation de cette r\u00e9sidence musicale, la commune avait propos\u00e9 une r\u00e9union aux Lenoncourtois en mars afin de pr\u00e9senter le projet et \u00e9galement de constituer un groupe d\u2019habitants pour participer, de pr\u00e8s ou de loin, \u00e0 ce projet artistique et musical.<\/p>\n<p>Nouvelle approche<\/p>\n<p>Cependant,&#8230;<\/p>\n","protected":false},"excerpt":{"rendered":"La premi\u00e8re \u00e9tape de cette manifestation, qui se d\u00e9roulera du 19 au 23\u00a0mai \u00e0 Lenoncourt, vise \u00e0 cr\u00e9er&hellip;\n","protected":false},"author":2,"featured_media":72278,"comment_status":"","ping_status":"","sticky":false,"template":"","format":"standard","meta":{"footnotes":""},"categories":[9635],"tags":[1111,11,12080,1704,1777,674,1011,27,775,12079,1702,12,25,104],"class_list":{"0":"post-72277","1":"post","2":"type-post","3":"status-publish","4":"format-standard","5":"has-post-thumbnail","7":"category-nancy","8":"tag-actu","9":"tag-actualites","10":"tag-cc-de-seille-et-grand-couronne-54b","11":"tag-edition-nancy-et-agglomeration","12":"tag-eu","13":"tag-europe","14":"tag-fr","15":"tag-france","16":"tag-grand-est","17":"tag-lenoncourt","18":"tag-nancy","19":"tag-news","20":"tag-republique-francaise","21":"tag-societe"},"share_on_mastodon":{"url":"https:\/\/pubeurope.com\/@fr\/114445052993979833","error":""},"_links":{"self":[{"href":"https:\/\/www.europesays.com\/fr\/wp-json\/wp\/v2\/posts\/72277","targetHints":{"allow":["GET"]}}],"collection":[{"href":"https:\/\/www.europesays.com\/fr\/wp-json\/wp\/v2\/posts"}],"about":[{"href":"https:\/\/www.europesays.com\/fr\/wp-json\/wp\/v2\/types\/post"}],"author":[{"embeddable":true,"href":"https:\/\/www.europesays.com\/fr\/wp-json\/wp\/v2\/users\/2"}],"replies":[{"embeddable":true,"href":"https:\/\/www.europesays.com\/fr\/wp-json\/wp\/v2\/comments?post=72277"}],"version-history":[{"count":0,"href":"https:\/\/www.europesays.com\/fr\/wp-json\/wp\/v2\/posts\/72277\/revisions"}],"wp:featuredmedia":[{"embeddable":true,"href":"https:\/\/www.europesays.com\/fr\/wp-json\/wp\/v2\/media\/72278"}],"wp:attachment":[{"href":"https:\/\/www.europesays.com\/fr\/wp-json\/wp\/v2\/media?parent=72277"}],"wp:term":[{"taxonomy":"category","embeddable":true,"href":"https:\/\/www.europesays.com\/fr\/wp-json\/wp\/v2\/categories?post=72277"},{"taxonomy":"post_tag","embeddable":true,"href":"https:\/\/www.europesays.com\/fr\/wp-json\/wp\/v2\/tags?post=72277"}],"curies":[{"name":"wp","href":"https:\/\/api.w.org\/{rel}","templated":true}]}}