{"id":72317,"date":"2025-05-03T17:43:08","date_gmt":"2025-05-03T17:43:08","guid":{"rendered":"https:\/\/www.europesays.com\/fr\/72317\/"},"modified":"2025-05-03T17:43:08","modified_gmt":"2025-05-03T17:43:08","slug":"suivez-la-conference-de-presse-de-geoffrey-kondogbia-et-roberto-de-zerbi-avant-le-deplacement-a-lille","status":"publish","type":"post","link":"https:\/\/www.europesays.com\/fr\/72317\/","title":{"rendered":"suivez la conf\u00e9rence de presse de Geoffrey Kondogbia et Roberto De Zerbi avant le d\u00e9placement \u00e0 Lille"},"content":{"rendered":"<p>J-1 avant le choc \u00e0 Lille !<\/p>\n<p>Bonsoir et bienvenu \u00e0 tous sur notre live. Alors que l&rsquo;OM disputera un match \u00f4 combien important dans la course \u00e0 la Ligue des champions ce dimanche soir <a href=\"https:\/\/www.laprovence.com\/article\/om\/2780588788559714\/lille-om-les-confidences-de-benoit-cheyrou-avant-la-finale-pour-la-2e-place\" rel=\"noopener noreferrer\" target=\"_self\">\u00e0 Lille<\/a>, Roberto De Zerbi et Geoffrey Kondogbia vont r\u00e9pondre aux questions des journalistes ce samedi soir en visioconf\u00e9rence. Les Olympiens ont, en effet, directement rejoint le Nord de la France <a href=\"https:\/\/www.laprovence.com\/article\/om\/18357698199446\/pourquoi-lom-retourne-a-rome-avant-le-deplacement-a-lille\" rel=\"noopener noreferrer\" target=\"_self\">apr\u00e8s avoir pass\u00e9 la semaine en Italie<\/a>.<\/p>\n","protected":false},"excerpt":{"rendered":"J-1 avant le choc \u00e0 Lille ! Bonsoir et bienvenu \u00e0 tous sur notre live. Alors que l&rsquo;OM&hellip;\n","protected":false},"author":2,"featured_media":72318,"comment_status":"","ping_status":"","sticky":false,"template":"","format":"standard","meta":{"footnotes":""},"categories":[2815],"tags":[17,1111,11,6211,814,1777,674,1011,27,17537,811,4026,1307,12,149,4048,25,5237],"class_list":{"0":"post-72317","1":"post","2":"type-post","3":"status-publish","4":"format-standard","5":"has-post-thumbnail","7":"category-lille","8":"tag-17","9":"tag-actu","10":"tag-actualites","11":"tag-conference","12":"tag-direct","13":"tag-eu","14":"tag-europe","15":"tag-fr","16":"tag-france","17":"tag-geoffrey","18":"tag-hauts-de-france","19":"tag-kondogbia","20":"tag-lille","21":"tag-news","22":"tag-om","23":"tag-presse","24":"tag-republique-francaise","25":"tag-suivez"},"share_on_mastodon":{"url":"https:\/\/pubeurope.com\/@fr\/114445143477637851","error":""},"_links":{"self":[{"href":"https:\/\/www.europesays.com\/fr\/wp-json\/wp\/v2\/posts\/72317","targetHints":{"allow":["GET"]}}],"collection":[{"href":"https:\/\/www.europesays.com\/fr\/wp-json\/wp\/v2\/posts"}],"about":[{"href":"https:\/\/www.europesays.com\/fr\/wp-json\/wp\/v2\/types\/post"}],"author":[{"embeddable":true,"href":"https:\/\/www.europesays.com\/fr\/wp-json\/wp\/v2\/users\/2"}],"replies":[{"embeddable":true,"href":"https:\/\/www.europesays.com\/fr\/wp-json\/wp\/v2\/comments?post=72317"}],"version-history":[{"count":0,"href":"https:\/\/www.europesays.com\/fr\/wp-json\/wp\/v2\/posts\/72317\/revisions"}],"wp:featuredmedia":[{"embeddable":true,"href":"https:\/\/www.europesays.com\/fr\/wp-json\/wp\/v2\/media\/72318"}],"wp:attachment":[{"href":"https:\/\/www.europesays.com\/fr\/wp-json\/wp\/v2\/media?parent=72317"}],"wp:term":[{"taxonomy":"category","embeddable":true,"href":"https:\/\/www.europesays.com\/fr\/wp-json\/wp\/v2\/categories?post=72317"},{"taxonomy":"post_tag","embeddable":true,"href":"https:\/\/www.europesays.com\/fr\/wp-json\/wp\/v2\/tags?post=72317"}],"curies":[{"name":"wp","href":"https:\/\/api.w.org\/{rel}","templated":true}]}}