{"id":72319,"date":"2025-05-03T17:44:08","date_gmt":"2025-05-03T17:44:08","guid":{"rendered":"https:\/\/www.europesays.com\/fr\/72319\/"},"modified":"2025-05-03T17:44:08","modified_gmt":"2025-05-03T17:44:08","slug":"au-cimetiere-de-saint-antoine-a-marseille-la-guerre-contre-les-herbes-folles","status":"publish","type":"post","link":"https:\/\/www.europesays.com\/fr\/72319\/","title":{"rendered":"Au cimeti\u00e8re de Saint-Antoine, \u00e0 Marseille, la guerre contre les herbes folles"},"content":{"rendered":"<p>Du <a href=\"https:\/\/www.laprovence.com\/article\/edition-marseille\/6455308\/des-centaines-de-sepultures-ensevelies-sous-les-herbes.html\" target=\"_blank\" rel=\"noopener\">cimeti\u00e8re de Saint-Antoine, \u00e0 Marseille (15e)<\/a>, Sandrine Pezzillo conna\u00eet surtout la partie basse, le long du chemin de Saint-Antoine \u00e0 Saint-Joseph, proche de l\u2019A7. Sa famille y a un caveau depuis plus de cinquante ans, ses grands-parents y sont enterr\u00e9s et elle vient fleurir et rafra\u00eechir la tombe plusieurs fois par an. Il y a un mois, c\u2019est son oncle qui devait rejoindre le tombeau familial mais quelques jours avant l\u2019inhumation, Sandrine Pezzillo se rend sur place et d\u00e9couvre une all\u00e9e remplie de mauvaises herbes, hautes de plus d\u2019un m\u00e8tre, qui g\u00eanent l\u2019acc\u00e8s aux caveaux, des d\u00e9chets et des <a href=\"https:\/\/www.laprovence.com\/article\/edition-marseille\/3329990\/pour-en-finir-avec-les-crottes-de-chien.html\" target=\"_blank\" rel=\"noopener\">excr\u00e9ments de chiens<\/a>.<\/p>\n<p>\u00ab\u00a0C&rsquo;est indigne\u00a0\u00bb<\/p>\n<p>\u00ab\u00a0J\u2019\u00e9tais catastroph\u00e9e, je me suis dit que je ne pouvais pas faire venir mon oncle comme \u00e7a, dans ces conditions. C\u2019est indigne\u00a0\u00bb, estime-t-elle. Avec son fr\u00e8re, ils prennent la d\u00e9cision de d\u00e9broussailler avec leur propre d\u00e9broussailleuse les abords des tombeaux. Sandrine Pezzillo, par ailleurs gardienne dans un cimeti\u00e8re des Pennes-Mirabeau, d\u00e9nonce \u00ab\u00a0un manque d\u2019entretien chronique\u00a0\u00bb de ce <a href=\"https:\/\/www.laprovence.com\/article\/societe\/26245936382533\/marseille-bientot-1200-places-supplementaires-dans-les-cimetieres-de-la-ville\" target=\"_blank\" rel=\"noopener\">cimeti\u00e8re<\/a>.<\/p>\n","protected":false},"excerpt":{"rendered":"Du cimeti\u00e8re de Saint-Antoine, \u00e0 Marseille (15e), Sandrine Pezzillo conna\u00eet surtout la partie basse, le long du chemin&hellip;\n","protected":false},"author":2,"featured_media":72320,"comment_status":"","ping_status":"","sticky":false,"template":"","format":"standard","meta":{"footnotes":""},"categories":[2814],"tags":[17,1111,11,6313,1444,1777,674,1011,27,1146,17539,151,884,12,882,16,25,17538],"class_list":{"0":"post-72319","1":"post","2":"type-post","3":"status-publish","4":"format-standard","5":"has-post-thumbnail","7":"category-marseille","8":"tag-17","9":"tag-actu","10":"tag-actualites","11":"tag-cimetiere","12":"tag-contre","13":"tag-eu","14":"tag-europe","15":"tag-fr","16":"tag-france","17":"tag-guerre","18":"tag-herbes","19":"tag-les","20":"tag-marseille","21":"tag-news","22":"tag-provence-alpes-cote-dazur","23":"tag-region","24":"tag-republique-francaise","25":"tag-saint-antoine"},"share_on_mastodon":{"url":"https:\/\/pubeurope.com\/@fr\/114445147404872693","error":""},"_links":{"self":[{"href":"https:\/\/www.europesays.com\/fr\/wp-json\/wp\/v2\/posts\/72319","targetHints":{"allow":["GET"]}}],"collection":[{"href":"https:\/\/www.europesays.com\/fr\/wp-json\/wp\/v2\/posts"}],"about":[{"href":"https:\/\/www.europesays.com\/fr\/wp-json\/wp\/v2\/types\/post"}],"author":[{"embeddable":true,"href":"https:\/\/www.europesays.com\/fr\/wp-json\/wp\/v2\/users\/2"}],"replies":[{"embeddable":true,"href":"https:\/\/www.europesays.com\/fr\/wp-json\/wp\/v2\/comments?post=72319"}],"version-history":[{"count":0,"href":"https:\/\/www.europesays.com\/fr\/wp-json\/wp\/v2\/posts\/72319\/revisions"}],"wp:featuredmedia":[{"embeddable":true,"href":"https:\/\/www.europesays.com\/fr\/wp-json\/wp\/v2\/media\/72320"}],"wp:attachment":[{"href":"https:\/\/www.europesays.com\/fr\/wp-json\/wp\/v2\/media?parent=72319"}],"wp:term":[{"taxonomy":"category","embeddable":true,"href":"https:\/\/www.europesays.com\/fr\/wp-json\/wp\/v2\/categories?post=72319"},{"taxonomy":"post_tag","embeddable":true,"href":"https:\/\/www.europesays.com\/fr\/wp-json\/wp\/v2\/tags?post=72319"}],"curies":[{"name":"wp","href":"https:\/\/api.w.org\/{rel}","templated":true}]}}