{"id":72323,"date":"2025-05-03T17:46:09","date_gmt":"2025-05-03T17:46:09","guid":{"rendered":"https:\/\/www.europesays.com\/fr\/72323\/"},"modified":"2025-05-03T17:46:09","modified_gmt":"2025-05-03T17:46:09","slug":"lyon-3e-le-prado-gare-son-foodtruck-devant-lmh-une-fois-par-mois","status":"publish","type":"post","link":"https:\/\/www.europesays.com\/fr\/72323\/","title":{"rendered":"Lyon 3e. Le Prado gare son foodtruck devant LMH une fois par mois"},"content":{"rendered":"<p>Depuis janvier, l\u2019office public de l\u2019habitat Lyon M\u00e9tropole Habitat accueille, une fois par mois devant son b\u00e2timent, le petit camion des D\u00e9lices d\u2019Elise, cr\u00e9\u00e9 et mis en service par Prado Itin\u00e9raire. Cette antenne de l\u2019association du p\u00e8re Chevrier Le Prado, met \u00ab\u00a0l\u2019innovation sociale au service des jeunes\u00a0\u00bb et les accompagne vers l\u2019autonomie.<\/p>\n<p>Une aventure commenc\u00e9e il y a quatre ans<\/p>\n<p>Pour Antoine Poinas, responsable du foodtruck\u00a0: \u00ab\u00a0C\u2019est comme un atelier roulant, qui confronte les jeunes \u00e0 la r\u00e9alit\u00e9 d\u2019une voie professionnelle. Nous avons commenc\u00e9, il y a quatre&#8230;<\/p>\n","protected":false},"excerpt":{"rendered":"Depuis janvier, l\u2019office public de l\u2019habitat Lyon M\u00e9tropole Habitat accueille, une fois par mois devant son b\u00e2timent, le&hellip;\n","protected":false},"author":2,"featured_media":72324,"comment_status":"","ping_status":"","sticky":false,"template":"","format":"standard","meta":{"footnotes":""},"categories":[1889],"tags":[1111,11,2430,4406,33,2757,1777,674,1011,27,2428,4751,4750,12,25],"class_list":{"0":"post-72323","1":"post","2":"type-post","3":"status-publish","4":"format-standard","5":"has-post-thumbnail","7":"category-lyon","8":"tag-actu","9":"tag-actualites","10":"tag-auvergne-rhone-alpes","11":"tag-commerce-et-services","12":"tag-economie","13":"tag-edition-lyon-villeurbanne","14":"tag-eu","15":"tag-europe","16":"tag-fr","17":"tag-france","18":"tag-lyon","19":"tag-lyon-3e","20":"tag-lyon-3e-arrondissement","21":"tag-news","22":"tag-republique-francaise"},"share_on_mastodon":{"url":"https:\/\/pubeurope.com\/@fr\/114445155252569437","error":""},"_links":{"self":[{"href":"https:\/\/www.europesays.com\/fr\/wp-json\/wp\/v2\/posts\/72323","targetHints":{"allow":["GET"]}}],"collection":[{"href":"https:\/\/www.europesays.com\/fr\/wp-json\/wp\/v2\/posts"}],"about":[{"href":"https:\/\/www.europesays.com\/fr\/wp-json\/wp\/v2\/types\/post"}],"author":[{"embeddable":true,"href":"https:\/\/www.europesays.com\/fr\/wp-json\/wp\/v2\/users\/2"}],"replies":[{"embeddable":true,"href":"https:\/\/www.europesays.com\/fr\/wp-json\/wp\/v2\/comments?post=72323"}],"version-history":[{"count":0,"href":"https:\/\/www.europesays.com\/fr\/wp-json\/wp\/v2\/posts\/72323\/revisions"}],"wp:featuredmedia":[{"embeddable":true,"href":"https:\/\/www.europesays.com\/fr\/wp-json\/wp\/v2\/media\/72324"}],"wp:attachment":[{"href":"https:\/\/www.europesays.com\/fr\/wp-json\/wp\/v2\/media?parent=72323"}],"wp:term":[{"taxonomy":"category","embeddable":true,"href":"https:\/\/www.europesays.com\/fr\/wp-json\/wp\/v2\/categories?post=72323"},{"taxonomy":"post_tag","embeddable":true,"href":"https:\/\/www.europesays.com\/fr\/wp-json\/wp\/v2\/tags?post=72323"}],"curies":[{"name":"wp","href":"https:\/\/api.w.org\/{rel}","templated":true}]}}