{"id":72325,"date":"2025-05-03T17:47:09","date_gmt":"2025-05-03T17:47:09","guid":{"rendered":"https:\/\/www.europesays.com\/fr\/72325\/"},"modified":"2025-05-03T17:47:09","modified_gmt":"2025-05-03T17:47:09","slug":"lyon-apres-plus-de-120-ans-dexistence-le-cafe-du-rhone-cest-plus-quun-commerce-cest-une-histoire","status":"publish","type":"post","link":"https:\/\/www.europesays.com\/fr\/72325\/","title":{"rendered":"Lyon. Apr\u00e8s plus de 120 ans d\u2019existence, le Caf\u00e9 du Rh\u00f4ne \u00ab\u00a0c\u2019est plus qu\u2019un commerce, c\u2019est une histoire\u00a0\u00bb"},"content":{"rendered":"<p>\u00ab\u00a0Je voulais un commerce de caract\u00e8re. Avec un joli pass\u00e9. Avec une \u00e2me et du cachet. O\u00f9 les gens se retrouvent, comme en famille. J\u2019ai saut\u00e9 sur l\u2019occasion quand j\u2019ai appris que\u00a0le Caf\u00e9 du Rh\u00f4ne \u00e9tait \u00e0 vendre.\u00a0\u00bb<\/p>\n<p>G\u00e9rant et propri\u00e9taire de cette institution lyonnaise depuis 1 an, Yannick Abraham, ne regrette pas son choix. Il est autant s\u00e9duit \u00ab\u00a0par la pierre que la client\u00e8le\u00a0\u00bb et en quelques mois il a r\u00e9ussi \u00e0 faire bondir le chiffre d\u2019affaires de 10\u00a0%.<\/p>\n<p>\u00ab\u00a0Qu\u2019on soit au blanc ou au caf\u00e9, on discute tous\u00a0\u00bb<\/p>\n<p>Plus qu\u2019un restaurant, cet \u00e9tablissement, situ\u00e9 au 23 quai Victor-Augagneur (Lyon 3) vibre de la convivialit\u00e9 des lieux. \u00ab\u00a0Cette vue est magnifique. Imprenable. On peut admirer l\u2019H\u00f4tel-Dieu et la basilique de Fourvi\u00e8re&#8230;<\/p>\n","protected":false},"excerpt":{"rendered":"\u00ab\u00a0Je voulais un commerce de caract\u00e8re. Avec un joli pass\u00e9. Avec une \u00e2me et du cachet. O\u00f9 les&hellip;\n","protected":false},"author":2,"featured_media":72326,"comment_status":"","ping_status":"","sticky":false,"template":"","format":"standard","meta":{"footnotes":""},"categories":[1889],"tags":[1111,11,2430,4406,33,2757,1777,674,1011,27,2798,2428,2756,12,25,2429],"class_list":{"0":"post-72325","1":"post","2":"type-post","3":"status-publish","4":"format-standard","5":"has-post-thumbnail","7":"category-lyon","8":"tag-actu","9":"tag-actualites","10":"tag-auvergne-rhone-alpes","11":"tag-commerce-et-services","12":"tag-economie","13":"tag-edition-lyon-villeurbanne","14":"tag-eu","15":"tag-europe","16":"tag-fr","17":"tag-france","18":"tag-galerie-photo","19":"tag-lyon","20":"tag-lyon-bassin","21":"tag-news","22":"tag-republique-francaise","23":"tag-rhone"},"share_on_mastodon":{"url":"https:\/\/pubeurope.com\/@fr\/114445159175573344","error":""},"_links":{"self":[{"href":"https:\/\/www.europesays.com\/fr\/wp-json\/wp\/v2\/posts\/72325","targetHints":{"allow":["GET"]}}],"collection":[{"href":"https:\/\/www.europesays.com\/fr\/wp-json\/wp\/v2\/posts"}],"about":[{"href":"https:\/\/www.europesays.com\/fr\/wp-json\/wp\/v2\/types\/post"}],"author":[{"embeddable":true,"href":"https:\/\/www.europesays.com\/fr\/wp-json\/wp\/v2\/users\/2"}],"replies":[{"embeddable":true,"href":"https:\/\/www.europesays.com\/fr\/wp-json\/wp\/v2\/comments?post=72325"}],"version-history":[{"count":0,"href":"https:\/\/www.europesays.com\/fr\/wp-json\/wp\/v2\/posts\/72325\/revisions"}],"wp:featuredmedia":[{"embeddable":true,"href":"https:\/\/www.europesays.com\/fr\/wp-json\/wp\/v2\/media\/72326"}],"wp:attachment":[{"href":"https:\/\/www.europesays.com\/fr\/wp-json\/wp\/v2\/media?parent=72325"}],"wp:term":[{"taxonomy":"category","embeddable":true,"href":"https:\/\/www.europesays.com\/fr\/wp-json\/wp\/v2\/categories?post=72325"},{"taxonomy":"post_tag","embeddable":true,"href":"https:\/\/www.europesays.com\/fr\/wp-json\/wp\/v2\/tags?post=72325"}],"curies":[{"name":"wp","href":"https:\/\/api.w.org\/{rel}","templated":true}]}}