{"id":72338,"date":"2025-05-03T17:55:12","date_gmt":"2025-05-03T17:55:12","guid":{"rendered":"https:\/\/www.europesays.com\/fr\/72338\/"},"modified":"2025-05-03T17:55:12","modified_gmt":"2025-05-03T17:55:12","slug":"zelensky-refuse-de-jouer-avec-les-treves-de-poutine-mais-confiant-sur-trump","status":"publish","type":"post","link":"https:\/\/www.europesays.com\/fr\/72338\/","title":{"rendered":"Zelensky refuse de \u00ab jouer \u00bb avec les tr\u00eaves de Poutine mais confiant sur Trump"},"content":{"rendered":"<p><strong>r\u00e9cap &#8211; \u00ab\u00a020 Minutes\u00a0\u00bb fait le point pour vous tous les soirs sur l\u2019avanc\u00e9e du conflit en Ukraine. Ce vendredi, 1.165e jour de conflit,<\/strong><\/p>\n<p>Vous avez rat\u00e9 les derniers \u00e9v\u00e9nements sur la <a href=\"https:\/\/www.20minutes.fr\/monde\/ukraine\/?at_medium=RSS+feed&amp;at_campaign=ynews&amp;utm_source=yahoo&amp;utm_medium=rss&amp;utm_campaign=news_feed&amp;utm_content=in_article_link\" rel=\"nofollow noopener\" target=\"_blank\" data-ylk=\"slk:guerre en Ukraine;elm:context_link;itc:0;sec:content-canvas\" class=\"link \">guerre en Ukraine<\/a>\u00a0? 20 Minutes fait le point pour vous tous les soirs. Entre les d\u00e9clarations fortes, les avanc\u00e9es sur le front et le bilan des combats, voici l\u2019essentiel de ce vendredi 2\u00a0mai, 1.165e jour du conflit.<\/p>\n<p>Le fait du jour<\/p>\n<p>Le pr\u00e9sident ukrainien <a href=\"https:\/\/www.20minutes.fr\/monde\/volodymyr-zelensky\/?at_medium=RSS+feed&amp;at_campaign=ynews&amp;utm_source=yahoo&amp;utm_medium=rss&amp;utm_campaign=news_feed&amp;utm_content=in_article_link\" rel=\"nofollow noopener\" target=\"_blank\" data-ylk=\"slk:Volodymyr Zelensky;elm:context_link;itc:0;sec:content-canvas\" class=\"link \">Volodymyr Zelensky<\/a> a dit refuser de \u00ab\u00a0jouer\u00a0\u00bb avec les <a href=\"https:\/\/www.20minutes.fr\/monde\/ukraine\/4150851-20250429-guerre-ukraine-zelensky-denonce-tentative-manipulation-apres-annonce-treve-poutine?at_medium=RSS+feed&amp;at_campaign=ynews&amp;utm_source=yahoo&amp;utm_medium=rss&amp;utm_campaign=news_feed&amp;utm_content=in_article_link\" rel=\"nofollow noopener\" target=\"_blank\" data-ylk=\"slk:courtes tr\u00eaves;elm:context_link;itc:0;sec:content-canvas\" class=\"link \">courtes tr\u00eaves<\/a> de son homologue russe <a href=\"https:\/\/www.20minutes.fr\/monde\/vladimir_poutine\/?at_medium=RSS+feed&amp;at_campaign=ynews&amp;utm_source=yahoo&amp;utm_medium=rss&amp;utm_campaign=news_feed&amp;utm_content=in_article_link\" rel=\"nofollow noopener\" target=\"_blank\" data-ylk=\"slk:Vladimir Poutine;elm:context_link;itc:0;sec:content-canvas\" class=\"link \">Vladimir Poutine<\/a>, dont l\u2019une lors des comm\u00e9morations de la Seconde Guerre mondiale \u00e0 Moscou, y voyant des d\u00e9lais trop courts pour des pourparlers s\u00e9rieux.<\/p>\n<p>Le Kremlin, pour sa part, a assur\u00e9 que le cessez-le-feu, propos\u00e9 par Vladimir Poutine du 8 au 10\u00a0mai, permettrait de \u00ab\u00a0tester\u00a0\u00bb la disposition de Kiev \u00e0 la paix.<\/p>\n<p>\u00ab\u00a0C\u2019est impossible de s\u2019entendre sur quelque chose en trois, cinq ou sept jours. Soyons honn\u00eates. C\u2019est une performance th\u00e9\u00e2trale de sa part. En deux ou trois jours, il est impossible de trouver un plan pour \u00e9tablir les prochaines \u00e9tapes pour terminer la guerre. Cela ne semble pas s\u00e9rieux\u00a0\u00bb, a dit Volodymyr Zelensky. \u00ab\u00a0Personne n\u2019aidera Poutine \u00e0 jouer \u00e0 ce genre de jeu\u00a0\u00bb, a-t-il ajout\u00e9, sans toutefois rejeter clairement cette tr\u00eave de trois jours propos\u00e9e par Moscou \u00e0 l\u2019occasion des c\u00e9l\u00e9brations des 80 ans de la <a href=\"https:\/\/www.20minutes.fr\/monde\/russie\/4093446-20240531-80e-anniversaire-debarquement-peut-vraiment-commemorer-6-juin-1944-russie?at_medium=RSS+feed&amp;at_campaign=ynews&amp;utm_source=yahoo&amp;utm_medium=rss&amp;utm_campaign=news_feed&amp;utm_content=in_article_link\" rel=\"nofollow noopener\" target=\"_blank\" data-ylk=\"slk:victoire contre l\u2019Allemagne nazie;elm:context_link;itc:0;sec:content-canvas\" class=\"link \">victoire contre l\u2019Allemagne nazie<\/a>.<\/p>\n<p>Le dirigeant ukrainien s\u2019est exprim\u00e9 vendredi soir devant des journalistes, dont ceux de l\u2019AFP. Ces d\u00e9clarations \u00e9taient sous embargo jusqu\u2019\u00e0 samedi.<\/p>\n<p>La phrase du jour<\/p>\n<p>Le pr\u00e9sident ukrainien Volodymyr Zelensky a estim\u00e9 que sa renc(&#8230;)<\/p>\n<p><a href=\"https:\/\/www.20minutes.fr\/monde\/ukraine\/4151624-20250503-guerre-ukraine-zelensky-refuse-jouer-treves-poutine-confiant-trump?at_medium=RSS+feed&amp;at_campaign=ynews&amp;utm_source=yahoo&amp;utm_medium=rss&amp;utm_campaign=news_feed&amp;utm_content=read_more_link&quot;\" rel=\"nofollow noopener\" target=\"_blank\" data-ylk=\"slk:Lire la suite sur 20minutes;elm:context_link;itc:0;sec:content-canvas\" class=\"link \">Lire la suite sur 20minutes<\/a><\/p>\n<p>\u00c0 lire aussi :<br \/><a href=\"https:\/\/www.20minutes.fr\/monde\/ukraine\/4151456-20250502-guerre-ukraine-normandie-niemen-regiment-mythique-franco-russe-dont-russie-vole-nom-memoire?at_medium=RSS+feed&amp;at_campaign=ynews&amp;utm_source=yahoo&amp;utm_medium=rss&amp;utm_campaign=news_feed&amp;utm_content=related_content_link\" rel=\"nofollow noopener\" target=\"_blank\" data-ylk=\"slk:Guerre en Ukraine\u00a0: Le \u00ab\u00a0Normandie-Ni\u00e9men\u00a0\u00bb, r\u00e9giment \u00ab\u00a0mythique\u00a0\u00bb franco-russe dont la Russie vole le nom et la m\u00e9moire;elm:context_link;itc:0;sec:content-canvas\" class=\"link \">Guerre en Ukraine\u00a0: Le \u00ab\u00a0Normandie-Ni\u00e9men\u00a0\u00bb, r\u00e9giment \u00ab\u00a0mythique\u00a0\u00bb franco-russe dont la Russie vole le nom et la m\u00e9moire<\/a><br \/><a href=\"https:\/\/www.20minutes.fr\/monde\/ukraine\/4151541-20250502-guerre-ukraine-espion-grec-recrues-togolaises-poutine-accents-trumpiens-zelensky?at_medium=RSS+feed&amp;at_campaign=ynews&amp;utm_source=yahoo&amp;utm_medium=rss&amp;utm_campaign=news_feed&amp;utm_content=related_content_link\" rel=\"nofollow noopener\" target=\"_blank\" data-ylk=\"slk:Guerre en Ukraine\u00a0: Un espion grec et des recrues togolaises pour Poutine, des accents trumpiens pour Zelensky;elm:context_link;itc:0;sec:content-canvas\" class=\"link \">Guerre en Ukraine\u00a0: Un espion grec et des recrues togolaises pour Poutine, des accents trumpiens pour Zelensky<\/a><\/p>\n","protected":false},"excerpt":{"rendered":"r\u00e9cap &#8211; \u00ab\u00a020 Minutes\u00a0\u00bb fait le point pour vous tous les soirs sur l\u2019avanc\u00e9e du conflit en Ukraine.&hellip;\n","protected":false},"author":2,"featured_media":72339,"comment_status":"","ping_status":"","sticky":false,"template":"","format":"standard","meta":{"footnotes":""},"categories":[1590],"tags":[642,11,17544,1777,674,12,220,135,134],"class_list":{"0":"post-72338","1":"post","2":"type-post","3":"status-publish","4":"format-standard","5":"has-post-thumbnail","7":"category-ukraine","8":"tag-20-minutes","9":"tag-actualites","10":"tag-cest-impossible","11":"tag-eu","12":"tag-europe","13":"tag-news","14":"tag-ukraine","15":"tag-vladimir-poutine","16":"tag-volodymyr-zelensky"},"share_on_mastodon":{"url":"https:\/\/pubeurope.com\/@fr\/114445190630466606","error":""},"_links":{"self":[{"href":"https:\/\/www.europesays.com\/fr\/wp-json\/wp\/v2\/posts\/72338","targetHints":{"allow":["GET"]}}],"collection":[{"href":"https:\/\/www.europesays.com\/fr\/wp-json\/wp\/v2\/posts"}],"about":[{"href":"https:\/\/www.europesays.com\/fr\/wp-json\/wp\/v2\/types\/post"}],"author":[{"embeddable":true,"href":"https:\/\/www.europesays.com\/fr\/wp-json\/wp\/v2\/users\/2"}],"replies":[{"embeddable":true,"href":"https:\/\/www.europesays.com\/fr\/wp-json\/wp\/v2\/comments?post=72338"}],"version-history":[{"count":0,"href":"https:\/\/www.europesays.com\/fr\/wp-json\/wp\/v2\/posts\/72338\/revisions"}],"wp:featuredmedia":[{"embeddable":true,"href":"https:\/\/www.europesays.com\/fr\/wp-json\/wp\/v2\/media\/72339"}],"wp:attachment":[{"href":"https:\/\/www.europesays.com\/fr\/wp-json\/wp\/v2\/media?parent=72338"}],"wp:term":[{"taxonomy":"category","embeddable":true,"href":"https:\/\/www.europesays.com\/fr\/wp-json\/wp\/v2\/categories?post=72338"},{"taxonomy":"post_tag","embeddable":true,"href":"https:\/\/www.europesays.com\/fr\/wp-json\/wp\/v2\/tags?post=72338"}],"curies":[{"name":"wp","href":"https:\/\/api.w.org\/{rel}","templated":true}]}}