{"id":72348,"date":"2025-05-03T18:00:09","date_gmt":"2025-05-03T18:00:09","guid":{"rendered":"https:\/\/www.europesays.com\/fr\/72348\/"},"modified":"2025-05-03T18:00:09","modified_gmt":"2025-05-03T18:00:09","slug":"cyclisme-tour-de-romandie-lenny-martinez-david-gaudu-mavait-dit-que-je-gagnerai","status":"publish","type":"post","link":"https:\/\/www.europesays.com\/fr\/72348\/","title":{"rendered":"Cyclisme. Tour de Romandie &#8211; Lenny Martinez : \u00abDavid Gaudu m&rsquo;avait dit que je gagnerai&#8230;\u00bb"},"content":{"rendered":"<p>Quelle performance de <strong><a href=\"https:\/\/www.cyclismactu.net\/..\/news-cyclisme-tour-de-romandie-lenny-martinez-fait-coup-double-sur-4e-etape-evenepoel-loin-87647.html?utm_campaign=post-auto&amp;utm_medium=twitter&amp;utm_source=mashup-cyclismactu\" target=\"_blank\" rel=\"noopener\">Lenny Martinez<\/a><\/strong> (Bahrain Victorious) ! Le Fran\u00e7ais a remport\u00e9 ce samedi l&rsquo;\u00e9tape-reine du <strong>Tour de Romandie<\/strong>, au sommet de Thyon 2000, en remportant son duel au sprint devant le Portugais <strong>Joao Almeida<\/strong> (UAE Team Emirates-XRG), alors que\u00a0<strong>Lorenzo Fortunato<\/strong> (XDS Astana Team) compl\u00e8te le podium. <strong>Lenny Martinez<\/strong> en profite pour prendre la t\u00eate du classement g\u00e9n\u00e9ral avant le chrono final demain, un trac\u00e9 tout plat de 17 km. Le suspense sera immense, les trois premiers au classement se tenant en trois secondes seulement, avec <strong>Lorenzo Fortunato<\/strong> et <strong>Joao Almeida<\/strong> respectivement 2e et 3e.<\/p>\n<p>Vid\u00e9o &#8211; Lenny Martinez est revenu sur sa victoire en conf de presse Lire la suite de l&rsquo;article&#13;<\/p>\n<p>\u00a0<\/p>\n<p>&#13;<br \/>\n\u00ab\u00a0Encore une victoire en WorldTour ! J&rsquo;avais un peu envie de me venger d&rsquo;hier\u00a0\u00bb&#13;<\/p>\n<p>Apr\u00e8s la course,<strong> Lenny Martinez <\/strong>est d&rsquo;abord revenu sur sa superbe performance : \u00ab\u00a0On en plaisantait ce matin avec David Gaudu&#8230; il me disait que j&rsquo;allais gagner et \u00eatre en Jaune, et c&rsquo;est r\u00e9el ! Je ne suis pas encore Tadej Pogacar pour gagner avec 4 minutes d&rsquo;avance, mais c&rsquo;est incroyable de gagner. Et encore une victoire en WorldTour ! Hier (vendredi) je ne suis pas pass\u00e9 loin, et j&rsquo;avais un peu envie de me venger et de gagner, je savais que c&rsquo;\u00e9tait possible. C&rsquo;\u00e9tait une ascension super longue, il fallait juste essayer de ne pas penser \u00e0 la longueur de la bosse, sinon on pouvait vite craquer. C&rsquo;\u00e9tait difficile, UAE a roul\u00e9 super fort \u00e0 deux, mais \u00e0 la fin j&rsquo;ai r\u00e9ussi \u00e0 m&rsquo;en sortir gr\u00e2ce \u00e0 mon punch, face \u00e0 Joao Almeida qui \u00e9tait tr\u00e8s fort aussi. Il ne fallait surtout pas laisser partir un UAE tout seul, alors qu&rsquo;eux essayaient de distancer Fortunato pour le g\u00e9n\u00e9ral. \u00c7a m&rsquo;a un peu profit\u00e9, on mettait un super rythme, et une fois qu&rsquo;on l&rsquo;a distanc\u00e9, on est parti seuls avec Joao et on a roul\u00e9 super fort\u00a0\u00bb.<\/p>\n<p>&#13;<\/p>\n<p>Le Fran\u00e7ais sur le sprint final et se projette sur l&rsquo;\u00e9tape de demain : \u00ab\u00a0C&rsquo;\u00e9tait difficile parce que Joao a une bonne explosivit\u00e9, on \u00e9tait vraiment au coude \u00e0 coude \u00e0 la fin, je l&rsquo;ai vu revenir sur ma gauche, j&rsquo;ai eu un peu peur. Dans le virage juste avant la ligne, j&rsquo;ai cru que j&rsquo;allais pas r\u00e9ussir \u00e0 m&rsquo;imposer, mais apr\u00e8s j&rsquo;ai vu la ligne et j&rsquo;ai juste tout donn\u00e9.\u00a0Je suis tr\u00e8s content de gagner pour l&rsquo;\u00e9quipe en tout cas. Demain c&rsquo;est un chrono, va falloir voir ce que \u00e7a donne, il est loin d&rsquo;\u00eatre simple.\u00a0Il faut \u00eatre r\u00e9aliste honn\u00eatement, \u00e7a va \u00eatre un peu compliqu\u00e9 face \u00e0 un rouleur comme Joao Almeida. Si demain je suis sur le podium du g\u00e9n\u00e9ral, je serai tr\u00e8s content. Je vais tout donner, on ne sait jamais. Une \u00e9tape, c&rsquo;est mieux qu&rsquo;un top 5 pour moi. \u00c7a va \u00eatre un bon test pour moi, mais je suis surtout content d&rsquo;avoir gagner une \u00e9tape, plus que de faire un bon classement g\u00e9n\u00e9ral. Maintenant, on va essayer de faire les deux au maximum demain\u00a0\u00bb, conclut-il.<\/p>\n<p>Tour de Romandie &#8211; Classement de la 4\u00e8 \u00e9tape Tour de Romandie &#8211; Classement g\u00e9n\u00e9ral provisoire apr\u00e8s la 4\u00e8 \u00e9tape<\/p>\n","protected":false},"excerpt":{"rendered":"Quelle performance de Lenny Martinez (Bahrain Victorious) ! Le Fran\u00e7ais a remport\u00e9 ce samedi l&rsquo;\u00e9tape-reine du Tour de&hellip;\n","protected":false},"author":2,"featured_media":72349,"comment_status":"","ping_status":"","sticky":false,"template":"","format":"standard","meta":{"footnotes":""},"categories":[1586],"tags":[11,207,1777,674,1779,211,1011,27,12,25,209,210,10073,212,1778,364,208,213],"class_list":{"0":"post-72348","1":"post","2":"type-post","3":"status-publish","4":"format-standard","5":"has-post-thumbnail","7":"category-europe","8":"tag-actualites","9":"tag-cyclisme","10":"tag-eu","11":"tag-europe","12":"tag-european-union","13":"tag-ffc","14":"tag-fr","15":"tag-france","16":"tag-news","17":"tag-republique-francaise","18":"tag-route","19":"tag-tour-de-france","20":"tag-tour-de-romandie","21":"tag-uci","22":"tag-ue","23":"tag-union-europeenne","24":"tag-velo","25":"tag-world-tour"},"share_on_mastodon":{"url":"https:\/\/pubeurope.com\/@fr\/114445210475193190","error":""},"_links":{"self":[{"href":"https:\/\/www.europesays.com\/fr\/wp-json\/wp\/v2\/posts\/72348","targetHints":{"allow":["GET"]}}],"collection":[{"href":"https:\/\/www.europesays.com\/fr\/wp-json\/wp\/v2\/posts"}],"about":[{"href":"https:\/\/www.europesays.com\/fr\/wp-json\/wp\/v2\/types\/post"}],"author":[{"embeddable":true,"href":"https:\/\/www.europesays.com\/fr\/wp-json\/wp\/v2\/users\/2"}],"replies":[{"embeddable":true,"href":"https:\/\/www.europesays.com\/fr\/wp-json\/wp\/v2\/comments?post=72348"}],"version-history":[{"count":0,"href":"https:\/\/www.europesays.com\/fr\/wp-json\/wp\/v2\/posts\/72348\/revisions"}],"wp:featuredmedia":[{"embeddable":true,"href":"https:\/\/www.europesays.com\/fr\/wp-json\/wp\/v2\/media\/72349"}],"wp:attachment":[{"href":"https:\/\/www.europesays.com\/fr\/wp-json\/wp\/v2\/media?parent=72348"}],"wp:term":[{"taxonomy":"category","embeddable":true,"href":"https:\/\/www.europesays.com\/fr\/wp-json\/wp\/v2\/categories?post=72348"},{"taxonomy":"post_tag","embeddable":true,"href":"https:\/\/www.europesays.com\/fr\/wp-json\/wp\/v2\/tags?post=72348"}],"curies":[{"name":"wp","href":"https:\/\/api.w.org\/{rel}","templated":true}]}}