{"id":72358,"date":"2025-05-03T18:05:08","date_gmt":"2025-05-03T18:05:08","guid":{"rendered":"https:\/\/www.europesays.com\/fr\/72358\/"},"modified":"2025-05-03T18:05:08","modified_gmt":"2025-05-03T18:05:08","slug":"pas-de-finale-de-ligue-des-champions-pour-helena-cazaute-et-juliette-gelin-avec-milan","status":"publish","type":"post","link":"https:\/\/www.europesays.com\/fr\/72358\/","title":{"rendered":"Pas de finale de Ligue des champions pour H\u00e9l\u00e9na Cazaute et Juliette G\u00e9lin avec Milan"},"content":{"rendered":"<p>9<\/p>\n<p>Le nombre de championnes olympiques italiennes pr\u00e9sente sur le Final Four de la Ligue des champions \u00e0 Istanbul. Dont 4 \u00e0 Milan (Anna Danesi, Myriam Sylla, Paola Egonu et Alessia Orro), 3 \u00e0 Conegliano (Sarah Fahr, Monica De Gennaro et Marina Lubian), 1 au Vakifbank (Caterina Bosetti), et 1 \u00e0 Scandicci (Ekaterina Antropova). La r\u00e9ceptionneuse-attaquante br\u00e9silienne Gabriela Guimaraes, dite Gabi, m\u00e9daill\u00e9 de bronze, \u00e9volue \u00e9galement \u00e0 Conegliano.<\/p>\n","protected":false},"excerpt":{"rendered":"9 Le nombre de championnes olympiques italiennes pr\u00e9sente sur le Final Four de la Ligue des champions \u00e0&hellip;\n","protected":false},"author":2,"featured_media":72359,"comment_status":"","ping_status":"","sticky":false,"template":"","format":"standard","meta":{"footnotes":""},"categories":[1417],"tags":[1011,27,60,1470,1469],"class_list":{"0":"post-72358","1":"post","2":"type-post","3":"status-publish","4":"format-standard","5":"has-post-thumbnail","7":"category-volley","8":"tag-fr","9":"tag-france","10":"tag-sports","11":"tag-volley","12":"tag-volleyball"},"share_on_mastodon":{"url":"https:\/\/pubeurope.com\/@fr\/114445230901511222","error":""},"_links":{"self":[{"href":"https:\/\/www.europesays.com\/fr\/wp-json\/wp\/v2\/posts\/72358","targetHints":{"allow":["GET"]}}],"collection":[{"href":"https:\/\/www.europesays.com\/fr\/wp-json\/wp\/v2\/posts"}],"about":[{"href":"https:\/\/www.europesays.com\/fr\/wp-json\/wp\/v2\/types\/post"}],"author":[{"embeddable":true,"href":"https:\/\/www.europesays.com\/fr\/wp-json\/wp\/v2\/users\/2"}],"replies":[{"embeddable":true,"href":"https:\/\/www.europesays.com\/fr\/wp-json\/wp\/v2\/comments?post=72358"}],"version-history":[{"count":0,"href":"https:\/\/www.europesays.com\/fr\/wp-json\/wp\/v2\/posts\/72358\/revisions"}],"wp:featuredmedia":[{"embeddable":true,"href":"https:\/\/www.europesays.com\/fr\/wp-json\/wp\/v2\/media\/72359"}],"wp:attachment":[{"href":"https:\/\/www.europesays.com\/fr\/wp-json\/wp\/v2\/media?parent=72358"}],"wp:term":[{"taxonomy":"category","embeddable":true,"href":"https:\/\/www.europesays.com\/fr\/wp-json\/wp\/v2\/categories?post=72358"},{"taxonomy":"post_tag","embeddable":true,"href":"https:\/\/www.europesays.com\/fr\/wp-json\/wp\/v2\/tags?post=72358"}],"curies":[{"name":"wp","href":"https:\/\/api.w.org\/{rel}","templated":true}]}}