{"id":72362,"date":"2025-05-03T18:07:07","date_gmt":"2025-05-03T18:07:07","guid":{"rendered":"https:\/\/www.europesays.com\/fr\/72362\/"},"modified":"2025-05-03T18:07:07","modified_gmt":"2025-05-03T18:07:07","slug":"atp-en-difficulte-novak-djokovic-fait-passer-un-message-clair-cest-evidemment-difficile-pour-moi-aujourdhui-dobtenir-les-resultats-que-javais-a-mon-meilleur-cela-ne-veut-pas-dire-que-je-ny","status":"publish","type":"post","link":"https:\/\/www.europesays.com\/fr\/72362\/","title":{"rendered":"ATP > En difficult\u00e9, Novak Djokovic fait passer un message clair : \u00ab\u00a0C&rsquo;est \u00e9videmment difficile pour moi aujourd&rsquo;hui d&rsquo;obtenir les r\u00e9sultats que j&rsquo;avais \u00e0 mon meilleur. Cela ne veut pas dire que je n&rsquo;y parviendrai plus jamais\u00a0\u00bb"},"content":{"rendered":"<p>Apr\u00e8s avoir \u00e9voqu\u00e9 <a href=\"https:\/\/www.welovetennis.fr\/atp\/novak-djokovic-quand-je-suis-devenu-pere-pour-la-premiere-fois-javais-le-pressentiment-quun-jour-mon-fils-et-bien-sur-plus-tard-ma-fille-aussi-me-regarderaient-jouer-a-wimbledon-et-q\" data-wpel-link=\"internal\" target=\"_blank\" rel=\"noopener\">la fiert\u00e9 de jouer devant ses enfants<\/a> et <a href=\"https:\/\/www.welovetennis.fr\/atp\/djokovic-depuis-six-mois-jai-passe-beaucoup-de-temps-dans-les-hopitaux-de-mon-pays-et-a-letranger\" data-wpel-link=\"internal\" target=\"_blank\" rel=\"noopener\">ses nombreux passages dans des h\u00f4pi\u00adtaux<\/a> ces derniers mois, Novak Djokovic, dans une r\u00e9cente inter\u00adview accord\u00e9e \u00e0 <a href=\"https:\/\/businesstravelerusa.com\/profiles\/novak-djokovic\/\" data-wpel-link=\"external\" target=\"_blank\" rel=\"nofollow external noopener\">Business Traveler USA<\/a>, a \u00e9gale\u00adment \u00e9voqu\u00e9 sa forme actuelle. Et visi\u00adble\u00adment, le Serbe n\u2019a toujours pas l\u2019in\u00adten\u00adtion de ranger ses raquettes.\u00a0<\/p>\n<p><strong>\u00ab\u202fC\u2019est \u00e9videm\u00adment diffi\u00adcile pour moi aujourd\u2019hui d\u2019ob\u00adtenir les r\u00e9sul\u00adtats que j\u2019avais \u00e0 mon meilleur. Cela ne veut pas dire que je n\u2019y parvien\u00addrai plus jamais. Mais cette gran\u00addeur change de forme, car on est une personne diff\u00e9\u00adrente chaque ann\u00e9e, chaque mois, chaque semaine.\u00a0Le tennis est un sport o\u00f9 il faut cultiver cette menta\u00adlit\u00e9\u00a0: Ce n\u2019est jamais assez. Parce qu\u2019une fois que c\u2019est assez, alors c\u2019est vrai\u00adment assez et il faut laisser la raquette de c\u00f4t\u00e9. Mais je n\u2019ai toujours pas l\u2019im\u00adpres\u00adsion que ce soit suffi\u00adsant pour\u00a0moi.\u202f\u00bb<\/strong><\/p>\n<p class=\"post-published-date\" style=\"color: silver; font-size: 75%; text-align: left;\">Publi\u00e9 le samedi 3 mai 2025 \u00e0 19:30<\/p>\n","protected":false},"excerpt":{"rendered":"Apr\u00e8s avoir \u00e9voqu\u00e9 la fiert\u00e9 de jouer devant ses enfants et ses nombreux passages dans des h\u00f4pi\u00adtaux ces&hellip;\n","protected":false},"author":2,"featured_media":72363,"comment_status":"","ping_status":"","sticky":false,"template":"","format":"standard","meta":{"footnotes":""},"categories":[1415],"tags":[105,1011,27,60,1467],"class_list":{"0":"post-72362","1":"post","2":"type-post","3":"status-publish","4":"format-standard","5":"has-post-thumbnail","7":"category-tennis","8":"tag-djokovic","9":"tag-fr","10":"tag-france","11":"tag-sports","12":"tag-tennis"},"share_on_mastodon":{"url":"","error":""},"_links":{"self":[{"href":"https:\/\/www.europesays.com\/fr\/wp-json\/wp\/v2\/posts\/72362","targetHints":{"allow":["GET"]}}],"collection":[{"href":"https:\/\/www.europesays.com\/fr\/wp-json\/wp\/v2\/posts"}],"about":[{"href":"https:\/\/www.europesays.com\/fr\/wp-json\/wp\/v2\/types\/post"}],"author":[{"embeddable":true,"href":"https:\/\/www.europesays.com\/fr\/wp-json\/wp\/v2\/users\/2"}],"replies":[{"embeddable":true,"href":"https:\/\/www.europesays.com\/fr\/wp-json\/wp\/v2\/comments?post=72362"}],"version-history":[{"count":0,"href":"https:\/\/www.europesays.com\/fr\/wp-json\/wp\/v2\/posts\/72362\/revisions"}],"wp:featuredmedia":[{"embeddable":true,"href":"https:\/\/www.europesays.com\/fr\/wp-json\/wp\/v2\/media\/72363"}],"wp:attachment":[{"href":"https:\/\/www.europesays.com\/fr\/wp-json\/wp\/v2\/media?parent=72362"}],"wp:term":[{"taxonomy":"category","embeddable":true,"href":"https:\/\/www.europesays.com\/fr\/wp-json\/wp\/v2\/categories?post=72362"},{"taxonomy":"post_tag","embeddable":true,"href":"https:\/\/www.europesays.com\/fr\/wp-json\/wp\/v2\/tags?post=72362"}],"curies":[{"name":"wp","href":"https:\/\/api.w.org\/{rel}","templated":true}]}}