{"id":72364,"date":"2025-05-03T18:09:13","date_gmt":"2025-05-03T18:09:13","guid":{"rendered":"https:\/\/www.europesays.com\/fr\/72364\/"},"modified":"2025-05-03T18:09:13","modified_gmt":"2025-05-03T18:09:13","slug":"video-vivez-la-course-tourmentee-de-marc-marquez-en-flat-track-sur-motogp25","status":"publish","type":"post","link":"https:\/\/www.europesays.com\/fr\/72364\/","title":{"rendered":"Vid\u00e9o. Vivez la course tourment\u00e9e de Marc Marquez en Flat-Track, sur MotoGP25 !"},"content":{"rendered":"<p>Nous poursuivons notre s\u00e9rie de vid\u00e9os, tir\u00e9es de la simulation officielle du championnat du monde de MotoGP. C\u2019est, bien s\u00fbr, de MotoGP 25 dont il est question, titre d\u00e9velopp\u00e9 par le studio Britannique Milestone. Dont, pour m\u00e9moire, nous avions publi\u00e9 le test complet, mercredi dernier.<\/p>\n<blockquote class=\"twitter-tweet\">\n<p dir=\"ltr\" lang=\"fr\">Jeux Vid\u00e9o : le Test de MotoGP 25 est en ligne ! <a href=\"https:\/\/twitter.com\/hashtag\/motogp?src=hash&amp;ref_src=twsrc%5Etfw\" target=\"_blank\" rel=\"noopener\">#motogp<\/a> <a href=\"https:\/\/twitter.com\/hashtag\/motogp25?src=hash&amp;ref_src=twsrc%5Etfw\" target=\"_blank\" rel=\"noopener\">#motogp25<\/a> <a href=\"https:\/\/twitter.com\/MilestoneItaly?ref_src=twsrc%5Etfw\" target=\"_blank\" rel=\"noopener\">@MilestoneItaly<\/a> <a href=\"https:\/\/t.co\/2pm5O9FnZp\" target=\"_blank\">https:\/\/t.co\/2pm5O9FnZp<\/a> <a href=\"https:\/\/t.co\/CLMnulEVFu\" target=\"_blank\">pic.twitter.com\/CLMnulEVFu<\/a><\/p>\n<p>\u2014 Barthet Julien (@Julien133) <a href=\"https:\/\/twitter.com\/Julien133\/status\/1917481528159764767?ref_src=twsrc%5Etfw\" target=\"_blank\" rel=\"noopener\">April 30, 2025<\/a><\/p>\n<\/blockquote>\n<p>Le meilleur pilote de MotoGP sur une piste cross, cela donne quoi ?<\/p>\n<p>Cette-fois, donc, apr\u00e8s <a href=\"https:\/\/lemagsportauto.ouest-france.fr\/video-motogp-johann-zarco-sur-une-mini-bike-on-a-teste-pour-vous-dans-le-jeu-officiel\/103961\/\" target=\"_blank\" rel=\"noopener\">la session de Mini-Bike<\/a> avec Johann Zarco, nous passons dans le mode \u201cFlat-Track\u201d, qui se caract\u00e9rise par sa piste terre. Et c\u2019est au guidon d\u2019une Ducati pilot\u00e9e par Marc Marquez, actuel leader du championnat du monde de MotoGP, que nous vous embarquons pour cette courte session. Course mouvement\u00e9e, avec des erreurs, des accrochages, une p\u00e9nalit\u00e9, une remont\u00e9e et\u2026une sanction qui lui aura fait perdre le podium !<\/p>\n<\/p>\n<p>Article publi\u00e9 le 02\/05\/2025 \u00e0 13h00<\/p>\n<p>                                            <img loading=\"lazy\" alt=\"\" class=\"avatar avatar-100 photo lazyload\" height=\"100\" width=\"100\" decoding=\"async\" src=\"https:\/\/www.europesays.com\/fr\/wp-content\/uploads\/2025\/05\/1746295753_193_ffbb894c35ea5189d599d4ea062c98b86ffb67cc602fa683ebcbf422a80fc47a\"  data-eio-rwidth=\"100\" data-eio-rheight=\"100\"\/><\/p>\n<p class=\"h2\">\n                                            Julien Barthet\n                                        <\/p>\n<p>R\u00e9dacteur professionnel, titulaire de la carte de presse pendant 3 ans. Fondateur\/Directeur et R\u00e9dacteur en chef Le Mag Sport Auto et LeMagJeuxHighTech.com.&#13;<br \/>\nEx-Pilote automobile : 55 courses (Formule Ford, F.Campus, Coupe 206 Sprint et Relais, Saxo, Ford Fiesta Allemagne, Mitjet) 1 Victoire. Essais F3, Nascar Euro, Caterham, F.Renault, etc.<\/p>\n<p>                                                                                                                            <a href=\"https:\/\/lemagsportauto.ouest-france.fr\/author\/lmsa_adm\/\" title=\"Julien Barthet\" target=\"_blank\" rel=\"noopener\"><br \/>\n                                                Voir les publications de l&rsquo;auteur<br \/>\n                                            <\/a><\/p>\n<p>                                <script async src=\"https:\/\/platform.twitter.com\/widgets.js\" charset=\"utf-8\"><\/script><\/p>\n","protected":false},"excerpt":{"rendered":"Nous poursuivons notre s\u00e9rie de vid\u00e9os, tir\u00e9es de la simulation officielle du championnat du monde de MotoGP. C\u2019est,&hellip;\n","protected":false},"author":2,"featured_media":72365,"comment_status":"","ping_status":"","sticky":false,"template":"","format":"standard","meta":{"footnotes":""},"categories":[1413],"tags":[1011,27,1461,1457,1456,1458,60,17344],"class_list":{"0":"post-72364","1":"post","2":"type-post","3":"status-publish","4":"format-standard","5":"has-post-thumbnail","7":"category-moto","8":"tag-fr","9":"tag-france","10":"tag-marc-marquez","11":"tag-moto","12":"tag-motocycle","13":"tag-motogp","14":"tag-sports","15":"tag-vidu00e9o"},"share_on_mastodon":{"url":"https:\/\/pubeurope.com\/@fr\/114445245744140066","error":""},"_links":{"self":[{"href":"https:\/\/www.europesays.com\/fr\/wp-json\/wp\/v2\/posts\/72364","targetHints":{"allow":["GET"]}}],"collection":[{"href":"https:\/\/www.europesays.com\/fr\/wp-json\/wp\/v2\/posts"}],"about":[{"href":"https:\/\/www.europesays.com\/fr\/wp-json\/wp\/v2\/types\/post"}],"author":[{"embeddable":true,"href":"https:\/\/www.europesays.com\/fr\/wp-json\/wp\/v2\/users\/2"}],"replies":[{"embeddable":true,"href":"https:\/\/www.europesays.com\/fr\/wp-json\/wp\/v2\/comments?post=72364"}],"version-history":[{"count":0,"href":"https:\/\/www.europesays.com\/fr\/wp-json\/wp\/v2\/posts\/72364\/revisions"}],"wp:featuredmedia":[{"embeddable":true,"href":"https:\/\/www.europesays.com\/fr\/wp-json\/wp\/v2\/media\/72365"}],"wp:attachment":[{"href":"https:\/\/www.europesays.com\/fr\/wp-json\/wp\/v2\/media?parent=72364"}],"wp:term":[{"taxonomy":"category","embeddable":true,"href":"https:\/\/www.europesays.com\/fr\/wp-json\/wp\/v2\/categories?post=72364"},{"taxonomy":"post_tag","embeddable":true,"href":"https:\/\/www.europesays.com\/fr\/wp-json\/wp\/v2\/tags?post=72364"}],"curies":[{"name":"wp","href":"https:\/\/api.w.org\/{rel}","templated":true}]}}