{"id":72366,"date":"2025-05-03T18:10:09","date_gmt":"2025-05-03T18:10:09","guid":{"rendered":"https:\/\/www.europesays.com\/fr\/72366\/"},"modified":"2025-05-03T18:10:09","modified_gmt":"2025-05-03T18:10:09","slug":"apres-laccrochage-verstappen-antonelli-red-bull-donne-un-debut-de-reponse","status":"publish","type":"post","link":"https:\/\/www.europesays.com\/fr\/72366\/","title":{"rendered":"Apr\u00e8s l&rsquo;accrochage Verstappen-Antonelli, Red Bull donne un d\u00e9but de r\u00e9ponse"},"content":{"rendered":"<p>Dans un d\u00e9but de saison o\u00f9 <a href=\"https:\/\/fr.motorsport.com\/driver\/max-verstappen\/93029\/\" target=\"_blank\" rel=\"noopener\">Max Verstappen<\/a> compose avec une <a href=\"https:\/\/fr.motorsport.com\/team\/red-bull\/553\/\" target=\"_blank\" rel=\"noopener\">Red Bull<\/a> qui manque de performance face aux <a href=\"https:\/\/fr.motorsport.com\/team\/mclaren\/609\/\" target=\"_blank\" rel=\"noopener\">McLaren<\/a>, les ennuis dans la voie des stands commencent \u00e0 peser lourd \u00e9galement. Alors que l&rsquo;\u00e9curie avait rencontr\u00e9 des difficult\u00e9s dans l&rsquo;exercice \u00e0 Bahre\u00efn, c&rsquo;est cette fois lors du sprint du Grand Prix de Miami que les choses ont mal tourn\u00e9 dans la pitlane.<\/p>\n<p>Pass\u00e9 par son box pour chausser des pneus tendres car la piste avait s\u00e9ch\u00e9, le pilote n\u00e9erlandais a \u00e9t\u00e9 rel\u00e2che trop t\u00f4t et n&rsquo;a pu \u00e9viter <a href=\"https:\/\/fr.motorsport.com\/driver\/kimi-antonelli\/947765\/\" target=\"_blank\" rel=\"noopener\">Kimi Antonelli<\/a> qui arrivait derri\u00e8re lui. S&rsquo;il a pu terminer la course avec un aileron avant endommag\u00e9, il a \u00e9t\u00e9 r\u00e9trograd\u00e9 \u00e0 la 17e et derni\u00e8re place apr\u00e8s avoir \u00e9cop\u00e9 logiquement d&rsquo;une p\u00e9nalit\u00e9 de 10 secondes pour \u00ab\u00a0unsafe release\u00a0\u00bb.<\/p>\n<p>\u00ab\u00a0C&rsquo;\u00e9tait serr\u00e9, mais on savait que Mercedes n&rsquo;\u00e9tait qu&rsquo;\u00e0 quatre secondes derri\u00e8re\u00a0\u00bb, explique Helmut Marko au micro de Sky Germany, pr\u00e9cisant que le signal rel\u00e2chant la voiture est \u00ab\u00a0d\u00e9clench\u00e9 par une seule personne\u00a0\u00bb.<\/p>\n<p>\u00ab\u00a0Il faut \u00e9tudier \u00e7a de pr\u00e8s, mais \u00e7a ne nous aide pas\u00a0\u00bb, poursuit-il. \u00ab\u00a0Maintenant, c&rsquo;est fait. Normalement, nos arr\u00eats au stand sont tr\u00e8s bons. Mais cette fois&#8230; \u00ab\u00a0<\/p>\n<p>Interrog\u00e9 sur les causes possibles des ennuis r\u00e9p\u00e9t\u00e9s de Red Bull dans les stands, le conseiller autrichien de l&rsquo;\u00e9curie a pr\u00e9cis\u00e9 que l&rsquo;absence de membres importants pour l&rsquo;ex\u00e9cution des arr\u00eats n&rsquo;arrangeait vraisemblablement pas la situation.<\/p>\n<p>\u00ab\u00a0Il y a eu quelques arr\u00eats au stand qui ne se sont pas bien pass\u00e9s\u00a0\u00bb, reconna\u00eet-il. \u00ab\u00a0Nous avons des personnes cl\u00e9s, qui sont toujours avec nous, mais elles ont d\u00fb manquer des courses pour cause de maladie. Et lorsque l&rsquo;on remplace des personnes, les arr\u00eats au stand prennent imm\u00e9diatement plus de temps.\u00a0\u00bb<\/p>\n<p>Au micro de Servus TV, Helmut Marko a ajout\u00e9 que la p\u00e9nalit\u00e9 re\u00e7ue par Max Verstappen dans ce contexte \u00e9tait \u00ab\u00a0inflig\u00e9e \u00e0 juste titre\u00a0\u00bb, avant de s&rsquo;interroger \u00e9galement sur le choix d&rsquo;avoir chauss\u00e9 les pneus mediums quand d&rsquo;autres ont pr\u00e9f\u00e9r\u00e9 les tendres avec r\u00e9ussite, \u00e0 l&rsquo;instar de <a href=\"https:\/\/fr.motorsport.com\/driver\/lewis-hamilton\/76878\/\" target=\"_blank\" rel=\"noopener\">Lewis Hamilton<\/a> chez <a href=\"https:\/\/fr.motorsport.com\/team\/ferrari\/615\/\" target=\"_blank\" rel=\"noopener\">Ferrari<\/a>.\u00a0<\/p>\n<p>\u00ab\u00a0Le choix des pneus devrait \u00e9galement \u00eatre remis en question. Mais je pense que le manque de rythme \u00e9tait principalement d\u00fb aux d\u00e9g\u00e2ts subis sur l&rsquo;aileron avant. Le pneu tendre n&rsquo;aurait probablement pas \u00e9t\u00e9 d&rsquo;une grande aide \u00e0 ce moment-l\u00e0.\u00a0\u00bb<\/p>\n<p>Interrog\u00e9 apr\u00e8s la course, Max Verstappen s&rsquo;est dit \u00ab\u00a0heureux que personne ne soit bless\u00e9\u00a0\u00bb apr\u00e8s cet incident qui aurait en effet pu tr\u00e8s mal se terminer. Le directeur de l&rsquo;\u00e9curie, Christian Horner, s&rsquo;est content\u00e9 de confirmer \u00ab\u00a0une erreur humaine\u00a0\u00bb.\u00a0<\/p>\n<p>Lire aussi :<\/p>\n<p>Dans cet article<\/p>\n<p>    Basile Davoine\n<\/p>\n<p>    Formule 1\n<\/p>\n<p>    Max Verstappen\n<\/p>\n<p>    Red Bull\n<\/p>\n<p>Soyez le premier inform\u00e9 et souscrivez aux alertes mails pour recevoir les infos en temps r\u00e9el<\/p>\n<p>    S&rsquo;abonner aux alertes de news<\/p>\n","protected":false},"excerpt":{"rendered":"Dans un d\u00e9but de saison o\u00f9 Max Verstappen compose avec une Red Bull qui manque de performance face&hellip;\n","protected":false},"author":2,"featured_media":72367,"comment_status":"","ping_status":"","sticky":false,"template":"","format":"standard","meta":{"footnotes":""},"categories":[1412],"tags":[1451,1452,1453,1454,1455,1011,27,16642,2236,16643,2255,60],"class_list":{"0":"post-72366","1":"post","2":"type-post","3":"status-publish","4":"format-standard","5":"has-post-thumbnail","7":"category-f1","8":"tag-f1","9":"tag-formula-1","10":"tag-formula1","11":"tag-formule-1","12":"tag-formule1","13":"tag-fr","14":"tag-france","15":"tag-gp-de-miami","16":"tag-max-verstappen","17":"tag-miami-international-autodrome","18":"tag-red-bull","19":"tag-sports"},"share_on_mastodon":{"url":"https:\/\/pubeurope.com\/@fr\/114445249608308437","error":""},"_links":{"self":[{"href":"https:\/\/www.europesays.com\/fr\/wp-json\/wp\/v2\/posts\/72366","targetHints":{"allow":["GET"]}}],"collection":[{"href":"https:\/\/www.europesays.com\/fr\/wp-json\/wp\/v2\/posts"}],"about":[{"href":"https:\/\/www.europesays.com\/fr\/wp-json\/wp\/v2\/types\/post"}],"author":[{"embeddable":true,"href":"https:\/\/www.europesays.com\/fr\/wp-json\/wp\/v2\/users\/2"}],"replies":[{"embeddable":true,"href":"https:\/\/www.europesays.com\/fr\/wp-json\/wp\/v2\/comments?post=72366"}],"version-history":[{"count":0,"href":"https:\/\/www.europesays.com\/fr\/wp-json\/wp\/v2\/posts\/72366\/revisions"}],"wp:featuredmedia":[{"embeddable":true,"href":"https:\/\/www.europesays.com\/fr\/wp-json\/wp\/v2\/media\/72367"}],"wp:attachment":[{"href":"https:\/\/www.europesays.com\/fr\/wp-json\/wp\/v2\/media?parent=72366"}],"wp:term":[{"taxonomy":"category","embeddable":true,"href":"https:\/\/www.europesays.com\/fr\/wp-json\/wp\/v2\/categories?post=72366"},{"taxonomy":"post_tag","embeddable":true,"href":"https:\/\/www.europesays.com\/fr\/wp-json\/wp\/v2\/tags?post=72366"}],"curies":[{"name":"wp","href":"https:\/\/api.w.org\/{rel}","templated":true}]}}