{"id":72368,"date":"2025-05-03T18:11:08","date_gmt":"2025-05-03T18:11:08","guid":{"rendered":"https:\/\/www.europesays.com\/fr\/72368\/"},"modified":"2025-05-03T18:11:08","modified_gmt":"2025-05-03T18:11:08","slug":"guillaume-adam-attend-toujours-de-gagner-avec-le-maillot-actualite","status":"publish","type":"post","link":"https:\/\/www.europesays.com\/fr\/72368\/","title":{"rendered":"Guillaume Adam attend toujours de gagner avec le maillot &#8211; Actualit\u00e9"},"content":{"rendered":"<p style=\"text-align: justify;\">\u201cJ\u2019aurais vraiment voulu gagner\u201d. Guillaume Adam \u00e9tait mitig\u00e9 \u00e0 sa descente du podium protocolaire du Grand Prix de la Sologne des Etangs. Le soci\u00e9taire du VC Rouen 76 a pris une tr\u00e8s belle deuxi\u00e8me place, seulement devanc\u00e9 par Lucas Mainguenaud (<strong><a href=\"https:\/\/www.directvelo.com\/actualite\/120394\/grand-prix-de-la-sologne-des-etangs-classement\" target=\"_blank\" rel=\"noopener\">voir classement<\/a><\/strong>), mais il devra encore patienter pour d\u00e9crocher un premier succ\u00e8s avec le maillot de Champion de Normandie sur le dos et le temps presse. \u201cJ\u2019aimerais vraiment gagner avec le maillot, il me reste encore un mois pour le faire\u201d, constate-t-il aupr\u00e8s de DirectVelo.<br \/>Ce samedi, \u00e0 l\u2019occasion de la deuxi\u00e8me manche de la Coupe de France N1, la victoire s\u2019est jou\u00e9e au sein d\u2019une imposante \u00e9chapp\u00e9e de seize \u00e9l\u00e9ments, partie au d\u00e9but de la deuxi\u00e8me heure de course. \u201cJ\u2019\u00e9tais surpris que \u00e7a parte avec autant de mecs. Quand j\u2019ai vu que pratiquement chaque club \u00e9tait repr\u00e9sent\u00e9, je me suis dit qu\u2019il y avait de grandes chances que \u00e7a aille au bout car je me demandais qui allait bien pouvoir rouler et ramener derri\u00e8re. Lors de l\u2019entr\u00e9e sur le circuit, j\u2019ai compris qu\u2019on allait se jouer la victoire. Apr\u00e8s, \u00e7a a \u00e9t\u00e9 assez tendu \u00e0 la fin, dans le dernier tour\u201d.<br \/><strong>\u00ab JE NE VOULAIS PAS FAIRE LA M\u00caME ERREUR \u00bb <\/strong><strong><br \/><\/strong><strong><br \/><\/strong>L\u2019athl\u00e8te de 23 ans avait confiance en sa pointe de vitesse\u2026 Sans plus. \u201cAu sprint, je sais que je vais vite, mais pas hyper vite non plus\u201d. Au moment de l\u2019emballage final sur les routes de Neung-sur-Beuvron, dans le Loir-et-Cher, Guillaume Adam avait en t\u00eate son sprint lors de la Gainsbarre, une \u00e9preuve qui lui pla\u00eet puisqu\u2019il y a termin\u00e9 par deux fois dans le Top 10 ces deux derni\u00e8res ann\u00e9es. \u201cJe ne voulais pas faire la m\u00eame erreur. Le probl\u00e8me, c\u2019est que je ne connaissais pas grand-monde dans le groupe de t\u00eate\u201d. Apr\u00e8s avoir lanc\u00e9 aux 200 m\u00e8tres, il a finalement\u00a0vu un maillot du Vend\u00e9e U le d\u00e9border juste avant la ligne.\u00a0<\/p>\n<p><strong>Voil\u00e0 tout de m\u00eame un excellent r\u00e9sultat face au gratin du peloton des N1. \u201cJ\u2019ai eu du mal sur la premi\u00e8re partie de saison. Je ne savais pas trop ce qu\u2019il se passait mais \u00e7a n\u2019allait pas, j\u2019ai d\u00fb me reposer. Il s\u2019est av\u00e9r\u00e9 que c\u2019\u00e9tait les allergies. L\u00e0, \u00e7a revient bien depuis le Tour du Loir-et-Cher\u201d. Il esp\u00e8re d\u00e9sormais poursuivre sur sa lanc\u00e9e lors du Circuit de Sa\u00f4ne-et-Loire et du Chrono Champenois (Coupe de France N1), o\u00f9 il devrait \u00eatre align\u00e9. Avant le gros objectif du Tour de la Manche, \u201c\u00e0 la maison\u201d.<\/strong><\/p>\n","protected":false},"excerpt":{"rendered":"\u201cJ\u2019aurais vraiment voulu gagner\u201d. Guillaume Adam \u00e9tait mitig\u00e9 \u00e0 sa descente du podium protocolaire du Grand Prix de&hellip;\n","protected":false},"author":2,"featured_media":72369,"comment_status":"","ping_status":"","sticky":false,"template":"","format":"standard","meta":{"footnotes":""},"categories":[1411],"tags":[834,828,836,829,837,827,83,826,824,823,1154,207,814,817,815,816,822,821,832,211,839,1011,27,820,818,819,835,831,830,833,838,60,212,208,825],"class_list":{"0":"post-72368","1":"post","2":"type-post","3":"status-publish","4":"format-standard","5":"has-post-thumbnail","7":"category-cyclisme","8":"tag-attaque","9":"tag-belgique","10":"tag-braquet","11":"tag-bretagne","12":"tag-chute","13":"tag-competition","14":"tag-coupe-de-france","15":"tag-coureur","16":"tag-course-cyclisme","17":"tag-course-cycliste","18":"tag-cycling","19":"tag-cyclisme","20":"tag-direct","21":"tag-direct-velo","22":"tag-directvelo","23":"tag-directvelo-com","24":"tag-epreuve","25":"tag-epreuve-cycliste","26":"tag-federation-francaise-de-cyclisme","27":"tag-ffc","28":"tag-flandres","29":"tag-fr","30":"tag-france","31":"tag-live","32":"tag-live-course","33":"tag-live-epreuve","34":"tag-peloton","35":"tag-radio-peloton","36":"tag-radio-tour","37":"tag-ravitaillement","38":"tag-relance","39":"tag-sports","40":"tag-uci","41":"tag-velo","42":"tag-velos"},"share_on_mastodon":{"url":"https:\/\/pubeurope.com\/@fr\/114445253600110504","error":""},"_links":{"self":[{"href":"https:\/\/www.europesays.com\/fr\/wp-json\/wp\/v2\/posts\/72368","targetHints":{"allow":["GET"]}}],"collection":[{"href":"https:\/\/www.europesays.com\/fr\/wp-json\/wp\/v2\/posts"}],"about":[{"href":"https:\/\/www.europesays.com\/fr\/wp-json\/wp\/v2\/types\/post"}],"author":[{"embeddable":true,"href":"https:\/\/www.europesays.com\/fr\/wp-json\/wp\/v2\/users\/2"}],"replies":[{"embeddable":true,"href":"https:\/\/www.europesays.com\/fr\/wp-json\/wp\/v2\/comments?post=72368"}],"version-history":[{"count":0,"href":"https:\/\/www.europesays.com\/fr\/wp-json\/wp\/v2\/posts\/72368\/revisions"}],"wp:featuredmedia":[{"embeddable":true,"href":"https:\/\/www.europesays.com\/fr\/wp-json\/wp\/v2\/media\/72369"}],"wp:attachment":[{"href":"https:\/\/www.europesays.com\/fr\/wp-json\/wp\/v2\/media?parent=72368"}],"wp:term":[{"taxonomy":"category","embeddable":true,"href":"https:\/\/www.europesays.com\/fr\/wp-json\/wp\/v2\/categories?post=72368"},{"taxonomy":"post_tag","embeddable":true,"href":"https:\/\/www.europesays.com\/fr\/wp-json\/wp\/v2\/tags?post=72368"}],"curies":[{"name":"wp","href":"https:\/\/api.w.org\/{rel}","templated":true}]}}