{"id":723692,"date":"2026-02-10T02:34:11","date_gmt":"2026-02-10T02:34:11","guid":{"rendered":"https:\/\/www.europesays.com\/fr\/723692\/"},"modified":"2026-02-10T02:34:11","modified_gmt":"2026-02-10T02:34:11","slug":"trois-mineurs-dune-compagnie-canadienne-retrouves-sans-vie-et-identifies-apres-un-kidnapping","status":"publish","type":"post","link":"https:\/\/www.europesays.com\/fr\/723692\/","title":{"rendered":"trois mineurs d\u2019une compagnie canadienne \u00abretrouv\u00e9s sans vie et identifi\u00e9s\u00bb apr\u00e8s un kidnapping"},"content":{"rendered":"<p>\n    Dans un communiqu\u00e9 publi\u00e9 ce lundi, la Chambre mini\u00e8re a annonc\u00e9 que trois des dix employ\u00e9s de la compagnie Vizsla Silver kidnapp\u00e9s le 23 janvier dans l\u2019\u00c9tat de Sinaloa sont d\u00e9c\u00e9d\u00e9s.<\/p>\n<p class=\"fig-paragraph\">La compagnie mini\u00e8re canadienne Vizsla Silver a annonc\u00e9 lundi la mort de \u00abplusieurs\u00bb de ses employ\u00e9s qui avaient \u00e9t\u00e9 enlev\u00e9s dans\u00a0<a href=\"http:\/\/www.lefigaro.fr\/international\/mexique-dans-le-sinaloa-les-habitants-pris-au-piege-de-la-guerre-des-cartels-pour-l-empire-de-la-drogue-20251106\" data-fig-type=\"Article\" data-gtm-custom-categorie=\"navigation\" data-gtm-custom-action=\"crossclick\" data-gtm-custom-label=\"Contextuel\" data-gtm-event=\"customEventSPE\" data-fig-domain=\"LEFIGARO\" rel=\"nofollow noopener\" target=\"_blank\">l\u2019\u00c9tat de Sinaloa<\/a>\u00a0(nord-ouest), frapp\u00e9 depuis plus d\u2019un an par une vague de violence li\u00e9e aux rivalit\u00e9s entre\u00a0<a href=\"http:\/\/www.lefigaro.fr\/international\/pacifique-une-frappe-americaine-contre-un-bateau-de-narcotrafiquants-presumes-fait-deux-morts-20260206\" data-fig-type=\"NewsFlash\" data-gtm-custom-categorie=\"navigation\" data-gtm-custom-action=\"crossclick\" data-gtm-custom-label=\"Contextuel\" data-gtm-event=\"customEventSPE\" data-fig-domain=\"LEFIGARO\" rel=\"nofollow noopener\" target=\"_blank\">narcotrafiquants<\/a>.<\/p>\n<p class=\"fig-paragraph\">Selon la Chambre mini\u00e8re, qui regroupe des organisations syndicales et des entreprises du secteur, ils seraient trois sur les dix employ\u00e9s \u00e0 avoir trouv\u00e9 la mort. Trois mineurs \u00abont \u00e9t\u00e9 retrouv\u00e9s sans vie et identifi\u00e9s\u00bb, est-il pr\u00e9cis\u00e9 dans un communiqu\u00e9.<\/p>\n<p>                                            <a class=\"fig-a11y-skip\" href=\"#fig-a11y-skip-main-inarticle\" data-module=\"a11y-skip\" data-context=\"was @visible\"><br \/>\n    Passer la publicit\u00e9<br \/>\n<\/a>            <\/p>\n<p class=\"fig-paragraph\">L\u2019entreprise a indiqu\u00e9 \u00abavoir \u00e9t\u00e9 inform\u00e9e par plusieurs familles que leurs proches, nos coll\u00e8gues, qui avaient \u00e9t\u00e9 enlev\u00e9s sur le site du projet de la soci\u00e9t\u00e9 \u00e0 Concordia, au Mexique, avaient \u00e9t\u00e9 retrouv\u00e9s morts\u00bb.<\/p>\n<p class=\"fig-paragraph\">L\u2019enl\u00e8vement des dix employ\u00e9s s\u2019est produit le 23 janvier et les autorit\u00e9s mexicaines avaient annonc\u00e9 avoir retrouv\u00e9 plusieurs restes humains dans la zone o\u00f9 l\u2019enl\u00e8vement s\u2019est produit.<\/p>\n<p>                                            Quatre personnes ont \u00e9t\u00e9 arr\u00eat\u00e9es<\/p>\n<p class=\"fig-paragraph\">\u00abNous sommes d\u00e9vast\u00e9s par cette issue tragique\u00bb, a d\u00e9clar\u00e9 Michael Konnert, pr\u00e9sident-directeur g\u00e9n\u00e9ral de Vizsla dans le communiqu\u00e9 ajoutant que la priorit\u00e9 de l\u2019entreprise \u00abdemeure la r\u00e9cup\u00e9ration en toute s\u00e9curit\u00e9 de ceux qui sont encore port\u00e9s disparus\u00bb.<\/p>\n<p class=\"fig-paragraph\">Depuis l\u2019enl\u00e8vement, plusieurs perquisitions et op\u00e9rations de terrain ont \u00e9t\u00e9 men\u00e9es par les forces de police, l\u2019arm\u00e9e et la Garde nationale \u00e0 Concordia, avait indiqu\u00e9 vendredi le parquet g\u00e9n\u00e9ral. Quatre personnes ont \u00e9t\u00e9 arr\u00eat\u00e9es.<\/p>\n<p class=\"fig-paragraph\">Une semaine plus t\u00f4t, le gouvernement mexicain avait annonc\u00e9 le renforcement des op\u00e9rations de recherche des mineurs, avec le d\u00e9ploiement de 1190 agents, de trois h\u00e9licopt\u00e8res et de deux avions. Les autorit\u00e9s n\u2019ont pas pr\u00e9cis\u00e9 la nationalit\u00e9 des personnes enlev\u00e9es. La presse locale indique que la majorit\u00e9 d\u2019entre elles proviennent de l\u2019\u00c9tat voisin de Sonora.<\/p>\n","protected":false},"excerpt":{"rendered":"Dans un communiqu\u00e9 publi\u00e9 ce lundi, la Chambre mini\u00e8re a annonc\u00e9 que trois des dix employ\u00e9s de la&hellip;\n","protected":false},"author":2,"featured_media":723693,"comment_status":"","ping_status":"","sticky":false,"template":"","format":"standard","meta":{"footnotes":"","_share_on_mastodon":"0"},"categories":[5],"tags":[11,574,1011,27,14,34287,5697,12,28],"class_list":["post-723692","post","type-post","status-publish","format-standard","has-post-thumbnail","category-international","tag-actualites","tag-canada","tag-fr","tag-france","tag-international","tag-kidnapping","tag-mexique","tag-news","tag-world"],"share_on_mastodon":{"url":"https:\/\/pubeurope.com\/@fr\/116044003016321229","error":""},"_links":{"self":[{"href":"https:\/\/www.europesays.com\/fr\/wp-json\/wp\/v2\/posts\/723692","targetHints":{"allow":["GET"]}}],"collection":[{"href":"https:\/\/www.europesays.com\/fr\/wp-json\/wp\/v2\/posts"}],"about":[{"href":"https:\/\/www.europesays.com\/fr\/wp-json\/wp\/v2\/types\/post"}],"author":[{"embeddable":true,"href":"https:\/\/www.europesays.com\/fr\/wp-json\/wp\/v2\/users\/2"}],"replies":[{"embeddable":true,"href":"https:\/\/www.europesays.com\/fr\/wp-json\/wp\/v2\/comments?post=723692"}],"version-history":[{"count":0,"href":"https:\/\/www.europesays.com\/fr\/wp-json\/wp\/v2\/posts\/723692\/revisions"}],"wp:featuredmedia":[{"embeddable":true,"href":"https:\/\/www.europesays.com\/fr\/wp-json\/wp\/v2\/media\/723693"}],"wp:attachment":[{"href":"https:\/\/www.europesays.com\/fr\/wp-json\/wp\/v2\/media?parent=723692"}],"wp:term":[{"taxonomy":"category","embeddable":true,"href":"https:\/\/www.europesays.com\/fr\/wp-json\/wp\/v2\/categories?post=723692"},{"taxonomy":"post_tag","embeddable":true,"href":"https:\/\/www.europesays.com\/fr\/wp-json\/wp\/v2\/tags?post=723692"}],"curies":[{"name":"wp","href":"https:\/\/api.w.org\/{rel}","templated":true}]}}