{"id":72378,"date":"2025-05-03T18:16:14","date_gmt":"2025-05-03T18:16:14","guid":{"rendered":"https:\/\/www.europesays.com\/fr\/72378\/"},"modified":"2025-05-03T18:16:14","modified_gmt":"2025-05-03T18:16:14","slug":"philippe-bouvard-se-confie-face-camera-a-95-ans-et-revient-sur-sa-vie-fabuleuse-video","status":"publish","type":"post","link":"https:\/\/www.europesays.com\/fr\/72378\/","title":{"rendered":"Philippe Bouvard se confie face cam\u00e9ra \u00e0 95 ans et revient sur sa \u201cvie fabuleuse\u201d (VIDEO)"},"content":{"rendered":"<p>\u00c0 95 ans, Philippe Bouvard s\u2019est confi\u00e9 \u00e0 TV5 Monde sur sa vie, ses rencontres, sa carri\u00e8re. Il a aussi \u00e9voqu\u00e9 son grand \u00e2ge et les probl\u00e8mes de sant\u00e9 qui vont avec, toujours avec esprit et humour.<\/p>\n<p>Pour plusieurs g\u00e9n\u00e9rations, il est l\u2019inoubliable visage des<a href=\"https:\/\/www.programme-tv.net\/news\/tv\/372394-je-suis-tres-fier-laurent-ruquier-fete-ses-dix-ans-a-la-tete-des-grosses-tetes-sur-rtl-son-tendre-mot-pour-philippe-bouvard\/\" data-api-deeplink=\"teleloisirs:\/\/news\/372394\" target=\"_blank\" rel=\"noopener\"> Grosses T\u00eates<\/a>. Lunettes pos\u00e9es sur le nez, lisant les questions des spectateurs et secou\u00e9 par son propre rire aux r\u00e9ponses des chroniqueurs, Philippe Bouvard a tenu ce micro pendant plus de 35 ans. L\u2019\u00e9tape principale d\u2019une carri\u00e8re d\u00e9but\u00e9e dans les ann\u00e9es 1950 dans la presse \u00e9crite. En 2017, il avait fini par c\u00e9der la place \u00e0 Laurent Ruquier, regrettant tout de m\u00eame de ne pouvoir continuer jusqu\u2019au bout. Philippe Bouvard<a href=\"https:\/\/www.programme-tv.net\/news\/people\/366494-au-revoir-et-merci-philippe-bouvard-fait-ses-adieux-a-rtl-a-95-ans-apres-60-ans-a-l-antenne\/\" data-api-deeplink=\"teleloisirs:\/\/news\/366494\" target=\"_blank\" rel=\"noopener\"> a finalement pris sa retraite<\/a>. Aujourd&rsquo;hui \u00e2g\u00e9 de 95 ans, il a accept\u00e9 de revenir sur sa vie et sa carri\u00e8re pour Cyril Viguier dans Le magazine de la Riviera. Un entretien diffus\u00e9 en partie ce samedi 3 mai sur TV5 Monde Europe.<\/p>\n<p>\u00ab\u00a0On essaye de ne pas partir trop t\u00f4t\u00a0\u00bb : le regard de Philippe Bouvard sur la vieillesse<\/p>\n<p>Des confidences qui rev\u00eatent un aspect historique. Il a ainsi \u00e9voqu\u00e9 ses relations avec les nombreux pr\u00e9sidents qu\u2019il a crois\u00e9s depuis Ren\u00e9 Coty, dont il a suivi l&rsquo;\u00e9lection en tant que tout jeune journaliste sous la IVe R\u00e9publique, \u00e9voquant au passage son amiti\u00e9 avec Nicolas Sarkozy et le contr\u00f4le fiscal que lui a fait subir Val\u00e9ry Giscard d&rsquo;Estaing. Sans oublier ses rencontres avec une foule de stars, comme Louis de Fun\u00e8s, Muriel Robin, <a href=\"https:\/\/www.programme-tv.net\/news\/people\/374582-je-nai-plus-personne-ils-sont-tous-partis-brigitte-bardot-confie-sa-tristesse-alors-que-beaucoup-de-ses-proches-sont-decedes\/\" data-api-deeplink=\"teleloisirs:\/\/news\/374582\" target=\"_blank\" rel=\"noopener\">Brigitte Bardot<\/a> qui a longtemps \u00e9t\u00e9 sa \u00ab\u00a0t\u00eate de turc\u00a0\u00bb ou encore <a href=\"https:\/\/www.programme-tv.net\/news\/people\/375304-quand-mireille-mathieu-prenait-le-the-avec-vladimir-poutine-et-mouammar-kadhafi\/\" data-api-deeplink=\"teleloisirs:\/\/news\/375304\" target=\"_blank\" rel=\"noopener\">Mireille Mathieu<\/a>. Le journaliste et animateur s\u2019est aussi exprim\u00e9 sur un sujet d\u00e9licat, celui de l\u2019\u00e2ge. Toujours avec verve et malice, mais la main tremblant parfois et avec un phras\u00e9 frein\u00e9 par le poids des ans, il a soulign\u00e9 le paradoxe que cela repr\u00e9sente. \u00ab\u00a0Le vieillissement est quelque chose que tout le monde recherche, parce qu\u2019on essaye de ne pas partir trop t\u00f4t, mais qui finalement n\u2019apporte pas que des satisfactions\u00a0\u00bb, a-t-il r\u00e9sum\u00e9 avec pudeur, sans nier avoir eu \u00ab\u00a0une vie fabuleuse\u00a0\u00bb. Il le reconna\u00eet, avec l\u2019\u00e2ge, \u00ab\u00a0on perd un peu la boule, c\u2019est-\u00e0-dire la m\u00e9moire. On n\u2019est plus tr\u00e8s frais\u00a0\u00bb.<\/p>\n<p>                        \u00ab\u00a0J\u2019\u00e9tais tr\u00e8s cavaleur\u00a0\u00bb : Philippe Bouvard \u00e9voque sa jeunesse sans complexe<\/p>\n<p>Pass\u00e9 un certain \u00e2ge, \u00ab\u00a0il n\u2019est plus question de courir le guilledou\u00a0\u00bb, plaisante Philippe Bouvard. Une expression qu\u2019il r\u00e9sume sans complexe comme consistant \u00e0 \u00ab\u00a0profiter de son statut professionnel pour courir les filles\u00a0\u00bb. \u00ab\u00a0J\u2019\u00e9tais tr\u00e8s cavaleur\u00a0\u00bb, reconna\u00eet-il d\u2019ailleurs. Ce qui ne l\u2019emp\u00eache pas de rendre un \u00e9mouvant hommage \u00e0 son \u00e9pouse et m\u00e8re de ses deux enfants. \u00ab\u00a0Je ne me suis mari\u00e9 qu\u2019une seule fois et \u00e7a fait maintenant 71 ans et demi que je suis mari\u00e9 avec la m\u00eame femme\u00a0\u00bb, rappelle-t-il. Et c\u2019est toujours avec une \u00e9l\u00e9gance teint\u00e9e d\u2019humour et d\u2019esprit qu\u2019il r\u00e9sume cette relation : \u00ab\u00a0Je ne peux pas \u00eatre amer d\u2019avoir tout eu et de ne pas avoir donn\u00e9 grand-chose en \u00e9change\u00a0\u00bb.<\/p>\n","protected":false},"excerpt":{"rendered":"\u00c0 95 ans, Philippe Bouvard s\u2019est confi\u00e9 \u00e0 TV5 Monde sur sa vie, ses rencontres, sa carri\u00e8re. Il&hellip;\n","protected":false},"author":2,"featured_media":72379,"comment_status":"","ping_status":"","sticky":false,"template":"","format":"standard","meta":{"footnotes":""},"categories":[1356],"tags":[244,58,59,1011,27,17579,17578,252,1364,1630],"class_list":{"0":"post-72378","1":"post","2":"type-post","3":"status-publish","4":"format-standard","5":"has-post-thumbnail","7":"category-television","8":"tag-commentaire","9":"tag-divertissement","10":"tag-entertainment","11":"tag-fr","12":"tag-france","13":"tag-le-magazine-de-la-riviera","14":"tag-philippe-bouvard","15":"tag-television","16":"tag-tv","17":"tag-zapping"},"share_on_mastodon":{"url":"https:\/\/pubeurope.com\/@fr\/114445273287188057","error":""},"_links":{"self":[{"href":"https:\/\/www.europesays.com\/fr\/wp-json\/wp\/v2\/posts\/72378","targetHints":{"allow":["GET"]}}],"collection":[{"href":"https:\/\/www.europesays.com\/fr\/wp-json\/wp\/v2\/posts"}],"about":[{"href":"https:\/\/www.europesays.com\/fr\/wp-json\/wp\/v2\/types\/post"}],"author":[{"embeddable":true,"href":"https:\/\/www.europesays.com\/fr\/wp-json\/wp\/v2\/users\/2"}],"replies":[{"embeddable":true,"href":"https:\/\/www.europesays.com\/fr\/wp-json\/wp\/v2\/comments?post=72378"}],"version-history":[{"count":0,"href":"https:\/\/www.europesays.com\/fr\/wp-json\/wp\/v2\/posts\/72378\/revisions"}],"wp:featuredmedia":[{"embeddable":true,"href":"https:\/\/www.europesays.com\/fr\/wp-json\/wp\/v2\/media\/72379"}],"wp:attachment":[{"href":"https:\/\/www.europesays.com\/fr\/wp-json\/wp\/v2\/media?parent=72378"}],"wp:term":[{"taxonomy":"category","embeddable":true,"href":"https:\/\/www.europesays.com\/fr\/wp-json\/wp\/v2\/categories?post=72378"},{"taxonomy":"post_tag","embeddable":true,"href":"https:\/\/www.europesays.com\/fr\/wp-json\/wp\/v2\/tags?post=72378"}],"curies":[{"name":"wp","href":"https:\/\/api.w.org\/{rel}","templated":true}]}}