{"id":72393,"date":"2025-05-03T18:24:08","date_gmt":"2025-05-03T18:24:08","guid":{"rendered":"https:\/\/www.europesays.com\/fr\/72393\/"},"modified":"2025-05-03T18:24:08","modified_gmt":"2025-05-03T18:24:08","slug":"sil-est-elu-pape-lors-du-conclave-ce-cardinal-promet-quil-senfuira-en-sicile","status":"publish","type":"post","link":"https:\/\/www.europesays.com\/fr\/72393\/","title":{"rendered":"S\u2019il est \u00e9lu pape lors du conclave, ce cardinal promet qu\u2019il \u00abs\u2019enfuira en Sicile\u00bb"},"content":{"rendered":"<p>                             Par Le Figaro avec AFP<\/p>\n<p>                Il y a 28 minutes<\/p>\n<p>\u00a0\u00bb<br \/>\n        data-script=\u00a0\u00bbhttps:\/\/static.lefigaro.fr\/widget-video\/short-ttl\/video\/index.js\u00a0\u00bb<br \/>\n    &gt;<\/p>\n<p>L\u2019archev\u00eaque de Rabat Crist\u00f3bal L\u00f3pez Romero a op\u00e9r\u00e9 une sortie d\u00e9concertante devant des m\u00e9dias.<\/p>\n<p class=\"fig-paragraph\">\u00ab\u202fJe n\u2019ai absolument aucune ambition. Je ne pourrais jamais m\u2019imaginer dans ce r\u00f4le.\u00a0\u00bb \u00c0 quatre jours du d\u00e9but du conclave, l\u2019archev\u00eaque de Rabat Crist\u00f3bal L\u00f3pez Romero a op\u00e9r\u00e9 une sortie d\u00e9concertante devant des m\u00e9dias. Le cardinal de 72 ans, aux id\u00e9es proches de Fran\u00e7ois, ne s\u2019imagine r\u00e9solument pas devenir pape. \u00abCeux qui le d\u00e9sirent sont pouss\u00e9s par soif de pouvoir\u00bb, a-t-il avanc\u00e9, selon des propos rapport\u00e9s par\u00a0<a href=\"https:\/\/www.ilmessaggero.it\/vaticano\/cristobal_lopez_romero_fuga_sicilia_nuovo_papa_conclave_cosa_ha_detto_ultime_notizie-8813034.html\" target=\"_blank\" rel=\"nofollow noopener\" data-gtm-custom-categorie=\"navigation\" data-gtm-custom-action=\"crossclick\" data-gtm-custom-label=\"Contextuel\" data-gtm-event=\"customEventSPE\">le quotidien Il Messaggero<\/a> .<\/p>\n<p class=\"fig-paragraph\">\u00abSi je vois poindre le danger d\u2019\u00eatre \u00e9lu lors du conclave, je m\u2019enfuirai et l\u2019on me retrouvera en Sicile\u00bb, a ajout\u00e9 le pr\u00e9lat espagnol, dans ce qui s\u2019apparente \u00e0 une boutade. Crist\u00f3bal L\u00f3pez Romero a reconnu qu\u2019en cas d\u2019\u00e9lection, il ne pourrait pas refuser cette charge. \u00ab\u202fOn accomplit ce service uniquement si on vous le demande, a\u2011t\u2011il expliqu\u00e9. Mais le d\u00e9sirer, le rechercher\u2026 non.\u00bb<\/p>\n<p class=\"fig-paragraph\">\u00c0 quatre jours du d\u00e9but du conclave mercredi,\u00a0<a href=\"http:\/\/www.lefigaro.fr\/actualite-france\/distribution-de-livres-conferences-de-presse-a-rome-les-luttes-d-influence-s-intensifient-a-l-approche-du-conclave-20250503\" data-fig-type=\"Article\" data-gtm-custom-categorie=\"navigation\" data-gtm-custom-action=\"crossclick\" data-gtm-custom-label=\"Contextuel\" data-gtm-event=\"customEventSPE\" data-fig-domain=\"LEFIGARO\" target=\"_blank\" rel=\"noopener\">le suspense demeure entier sur le nom du successeur de Pierre<\/a>, alors que les cardinaux se sont r\u00e9unis samedi matin pour la neuvi\u00e8me fois en \u00abcongr\u00e9gation g\u00e9n\u00e9rale\u00bb. Au total 177 cardinaux \u00e9taient pr\u00e9sents, dont 127 \u00e9lecteurs (ceux \u00e2g\u00e9s de moins de 80 ans), a indiqu\u00e9 Matteo Bruni, le directeur du service de presse du Vatican.<\/p>\n<p class=\"fig-paragraph\">Il n&rsquo;y aura pas de r\u00e9union dimanche, jour de c\u00e9l\u00e9bration des messes. Mais lundi les concertations vont s&rsquo;acc\u00e9l\u00e9rer puisque les congr\u00e9gations g\u00e9n\u00e9rales se r\u00e9uniront \u00e9galement l&rsquo;apr\u00e8s-midi \u00e0 17 heures, en plus de leur session du matin. Ces r\u00e9unions permettent aux pr\u00e9lats de discuter des d\u00e9fis de l&rsquo;\u00c9glise et de partager leurs r\u00e9flexions &#8211; samedi matin les discussions ont abord\u00e9 la communion, la solidarit\u00e9 entre \u00c9glises et le r\u00f4le de la Curie notamment.<\/p>\n","protected":false},"excerpt":{"rendered":"Par Le Figaro avec AFP Il y a 28 minutes \u00a0\u00bb data-script=\u00a0\u00bbhttps:\/\/static.lefigaro.fr\/widget-video\/short-ttl\/video\/index.js\u00a0\u00bb &gt; L\u2019archev\u00eaque de Rabat Crist\u00f3bal L\u00f3pez&hellip;\n","protected":false},"author":2,"featured_media":72394,"comment_status":"","ping_status":"","sticky":false,"template":"","format":"standard","meta":{"footnotes":""},"categories":[5],"tags":[1111,47,11,1109,13175,1112,118,1108,107,1106,1107,1011,27,1110,1114,14,12,1113,12672,316,28],"class_list":{"0":"post-72393","1":"post","2":"type-post","3":"status-publish","4":"format-standard","5":"has-post-thumbnail","7":"category-international","8":"tag-actu","9":"tag-actualite","10":"tag-actualites","11":"tag-breves","12":"tag-conclave","13":"tag-depeches","14":"tag-faits-divers","15":"tag-fil","16":"tag-fil-info","17":"tag-flash","18":"tag-flash-actu","19":"tag-fr","20":"tag-france","21":"tag-informations","22":"tag-infos","23":"tag-international","24":"tag-news","25":"tag-nouvelles","26":"tag-pape","27":"tag-politique","28":"tag-world"},"share_on_mastodon":{"url":"https:\/\/pubeurope.com\/@fr\/114445304728912109","error":""},"_links":{"self":[{"href":"https:\/\/www.europesays.com\/fr\/wp-json\/wp\/v2\/posts\/72393","targetHints":{"allow":["GET"]}}],"collection":[{"href":"https:\/\/www.europesays.com\/fr\/wp-json\/wp\/v2\/posts"}],"about":[{"href":"https:\/\/www.europesays.com\/fr\/wp-json\/wp\/v2\/types\/post"}],"author":[{"embeddable":true,"href":"https:\/\/www.europesays.com\/fr\/wp-json\/wp\/v2\/users\/2"}],"replies":[{"embeddable":true,"href":"https:\/\/www.europesays.com\/fr\/wp-json\/wp\/v2\/comments?post=72393"}],"version-history":[{"count":0,"href":"https:\/\/www.europesays.com\/fr\/wp-json\/wp\/v2\/posts\/72393\/revisions"}],"wp:featuredmedia":[{"embeddable":true,"href":"https:\/\/www.europesays.com\/fr\/wp-json\/wp\/v2\/media\/72394"}],"wp:attachment":[{"href":"https:\/\/www.europesays.com\/fr\/wp-json\/wp\/v2\/media?parent=72393"}],"wp:term":[{"taxonomy":"category","embeddable":true,"href":"https:\/\/www.europesays.com\/fr\/wp-json\/wp\/v2\/categories?post=72393"},{"taxonomy":"post_tag","embeddable":true,"href":"https:\/\/www.europesays.com\/fr\/wp-json\/wp\/v2\/tags?post=72393"}],"curies":[{"name":"wp","href":"https:\/\/api.w.org\/{rel}","templated":true}]}}