{"id":72395,"date":"2025-05-03T18:25:07","date_gmt":"2025-05-03T18:25:07","guid":{"rendered":"https:\/\/www.europesays.com\/fr\/72395\/"},"modified":"2025-05-03T18:25:07","modified_gmt":"2025-05-03T18:25:07","slug":"avec-les-chouetteurs-reunis-a-paris-pour-la-revelation-des-solutions-de-la-chouette-dor-liberation","status":"publish","type":"post","link":"https:\/\/www.europesays.com\/fr\/72395\/","title":{"rendered":"avec les \u00abchouetteurs\u00bb r\u00e9unis \u00e0 Paris pour la r\u00e9v\u00e9lation des solutions de la \u00abChouette d\u2019or\u00bb \u2013 Lib\u00e9ration"},"content":{"rendered":"<p class=\"sc-ksZaOG ehjQrN text-element\">Il est 19 h 45 ce vendredi 2 mai quand, vers la fin du film, plus de la moiti\u00e9 de la salle se met \u00e0 hurler en applaudissant : la chouette \u00e9tait bien \u00e0 Dabo, ce petit village de Moselle entour\u00e9 de for\u00eats noires et inqui\u00e9tantes. Enterr\u00e9e sous ces terres labour\u00e9es durant trente ans par des g\u00e9n\u00e9rations de chouetteurs\u2026 qui sont donc pass\u00e9es \u00e0 c\u00f4t\u00e9 du volatile. Qui l\u2019ont s\u00fbrement fr\u00f4l\u00e9 d\u2019un coup de pelle, ont march\u00e9 dessus, en solo, en famille, en couple, le jour et la nuit <a href=\"https:\/\/www.liberation.fr\/societe\/chasse-au-tresor-trente-ans-apres-la-chouette-dor-toujours-sous-terre-20230422_XFVDUTMUC5HBBD3COBL3ANMQ6E\/\" target=\"_blank\" rel=\"noopener\" title=\"https:\/\/www.liberation.fr\/societe\/chasse-au-tresor-trente-ans-apres-la-chouette-dor-toujours-sous-terre-20230422_XFVDUTMUC5HBBD3COBL3ANMQ6E\/\">pendant trois d\u00e9cennies<\/a>. Pire : la b\u00eate \u00e9tait m\u00eame \u00e0 quelques m\u00e8tres du spot final identifi\u00e9 par la plupart des joueurs d\u00e8s les premiers mois de la chasse en 1993 : la borne Saint-Martin, situ\u00e9e \u00e0 moins de 3 kilom\u00e8tres du village.<\/p>\n<p class=\"sc-ksZaOG ehjQrN text-element\">Dans la salle du MK2 Quai de Loire \u00e0 Paris, l\u2019ambiance est \u00e9lectrique. Car ce n\u2019est pas qu\u2019un documentaire qui est projet\u00e9 \u00e0 l\u2019\u00e9cran. Pour beaucoup, c\u2019est l\u2019engagement de toute une vie qui prend fin ce soir, avec la r\u00e9v\u00e9lation des solutions de l\u2019une des plus vieilles chasses au tr\u00e9sor du monde : la Chouette d\u2019or. Enterr\u00e9e dans la nuit du 23 au 24 avril 1993 par feu Max Valentin, quelques semaines avant la publication d\u2019un ouvrage rassemblant les onze \u00e9nigmes devant<\/p>\n","protected":false},"excerpt":{"rendered":"Il est 19 h 45 ce vendredi 2 mai quand, vers la fin du film, plus de la&hellip;\n","protected":false},"author":2,"featured_media":72396,"comment_status":"","ping_status":"","sticky":false,"template":"","format":"standard","meta":{"footnotes":""},"categories":[4],"tags":[11,1011,27,8344,1227,12,25],"class_list":{"0":"post-72395","1":"post","2":"type-post","3":"status-publish","4":"format-standard","5":"has-post-thumbnail","7":"category-france","8":"tag-actualites","9":"tag-fr","10":"tag-france","11":"tag-game","12":"tag-horizontal","13":"tag-news","14":"tag-republique-francaise"},"share_on_mastodon":{"url":"https:\/\/pubeurope.com\/@fr\/114445308735624677","error":""},"_links":{"self":[{"href":"https:\/\/www.europesays.com\/fr\/wp-json\/wp\/v2\/posts\/72395","targetHints":{"allow":["GET"]}}],"collection":[{"href":"https:\/\/www.europesays.com\/fr\/wp-json\/wp\/v2\/posts"}],"about":[{"href":"https:\/\/www.europesays.com\/fr\/wp-json\/wp\/v2\/types\/post"}],"author":[{"embeddable":true,"href":"https:\/\/www.europesays.com\/fr\/wp-json\/wp\/v2\/users\/2"}],"replies":[{"embeddable":true,"href":"https:\/\/www.europesays.com\/fr\/wp-json\/wp\/v2\/comments?post=72395"}],"version-history":[{"count":0,"href":"https:\/\/www.europesays.com\/fr\/wp-json\/wp\/v2\/posts\/72395\/revisions"}],"wp:featuredmedia":[{"embeddable":true,"href":"https:\/\/www.europesays.com\/fr\/wp-json\/wp\/v2\/media\/72396"}],"wp:attachment":[{"href":"https:\/\/www.europesays.com\/fr\/wp-json\/wp\/v2\/media?parent=72395"}],"wp:term":[{"taxonomy":"category","embeddable":true,"href":"https:\/\/www.europesays.com\/fr\/wp-json\/wp\/v2\/categories?post=72395"},{"taxonomy":"post_tag","embeddable":true,"href":"https:\/\/www.europesays.com\/fr\/wp-json\/wp\/v2\/tags?post=72395"}],"curies":[{"name":"wp","href":"https:\/\/api.w.org\/{rel}","templated":true}]}}