{"id":72397,"date":"2025-05-03T18:26:08","date_gmt":"2025-05-03T18:26:08","guid":{"rendered":"https:\/\/www.europesays.com\/fr\/72397\/"},"modified":"2025-05-03T18:26:08","modified_gmt":"2025-05-03T18:26:08","slug":"lenquete-avance-apres-un-rebondissement-troublant","status":"publish","type":"post","link":"https:\/\/www.europesays.com\/fr\/72397\/","title":{"rendered":"l&rsquo;enqu\u00eate avance apr\u00e8s un rebondissement troublant"},"content":{"rendered":"<p>            Par<br \/>\n        <strong><br \/>\n            <a href=\"https:\/\/actu.fr\/auteur\/julien-bouteiller\" title=\"Consulter tous les articles de Julien Bouteiller\" rel=\"nofollow noopener\" target=\"_blank\">Julien Bouteiller<\/a><br \/>\n        <\/strong><\/p>\n<p>        Publi\u00e9 le<\/p>\n<p>            3 mai 2025 \u00e0 18h24        <\/p>\n<p>On le disait vendredi, l\u2019enqu\u00eate se poursuit et doit<strong> d\u00e9m\u00ealer le vrai du faux<\/strong>. Et pour cause, <strong>deux hommes s\u2019accusaient eux-m\u00eames d\u2019\u00eatre responsable de l\u2019accident <\/strong><a href=\"https:\/\/actu.fr\/normandie\/le-havre_76351\/un-pieton-tue-fauche-par-un-chauffard-au-havre-le-conducteur-est-en-fuite_62584181.html\" rel=\"nofollow noopener\" target=\"_blank\">qui a co\u00fbt\u00e9 la vie \u00e0 un jeune au Havre<\/a>, dans la nuit du 30 avril au 1er mai 2025. Un rebondissement pour le moins troublant\u2026 Mais au final, <strong>un seul a \u00e9t\u00e9 mis en examen<\/strong>. Explications.<\/p>\n<p>Un mort, un conducteur, mais deux suspects<\/p>\n<p class=\" wall-content\">Ce jeudi, dans la nuit, Th\u00e9o, 22 ans, fervent supporter du HAC, \u00e9tait tu\u00e9, percut\u00e9 par un automobiliste<strong> \u00e0 l\u2019angle de la rue Denis-Papin et du boulevard Winston-Churchill<\/strong>. Dans la foul\u00e9e, le chauffard<strong> avait pris la fuite.<\/strong><\/p>\n<p class=\" wall-content\">Mais, dans l\u2019apr\u00e8s-midi qui a suivi, un homme <a href=\"https:\/\/actu.fr\/normandie\/le-havre_76351\/pieton-tue-par-un-chauffard-au-havre-un-suspect-s-est-rendu-a-la-police_62587929.html\" rel=\"nofollow noopener\" target=\"_blank\">s\u2019est rendu \u00e0 la police<\/a>, <strong>affirmant \u00eatre le conducteur du v\u00e9hicule.\u00a0<\/strong><\/p>\n<p class=\" wall-content\">Autre rebondissement, un autre homme a \u00e9t\u00e9 interpell\u00e9, plus tard dans la journ\u00e9e, et plac\u00e9 en garde \u00e0 vue. D\u2019apr\u00e8s nos informations<strong>, il aurait assur\u00e9, lui aussi, \u00eatre responsable de l\u2019accident.<\/strong><\/p>\n<p>Quelle issue apr\u00e8s la garde \u00e0 vue ?<\/p>\n<p class=\" wall-content\"><strong>Un coupable pour deux suspects qui avouent<\/strong> : voil\u00e0 qui explique que la procureure du Havre s\u2019\u00e9tait refus\u00e9e vendredi \u00e0 tout commentaire, tant que les gardes \u00e0 vue \u00e9taient en cours.\u00a0<\/p>\n<p class=\" wall-content\">Mais \u00e0 l\u2019issue, la procureure de la R\u00e9publique a pu \u00e9claircir une partie du trouble. Un t\u00e9moin des faits<strong> a en effet poursuivi les chauffards ce soir-l\u00e0<\/strong>, dans leur fuite tous feux \u00e9teints. Le second individu plac\u00e9 en garde \u00e0 vue avait \u00e9t\u00e9 reconnu par ce t\u00e9moin.<\/p>\n<p class=\" wall-content\">Au final, ce deuxi\u00e8me suspect a \u00e9t\u00e9 laiss\u00e9 libre. Le premier a quant \u00e0 lui \u00e9t\u00e9<strong> mis en examen pour homicide involontaire aggrav\u00e9<\/strong> par l\u2019usage de stup\u00e9fiants, le d\u00e9lit de fuite et la conduite sans permis d\u2019un v\u00e9hicule qui n\u2019\u00e9tait par ailleurs par assur\u00e9. Il est plac\u00e9 en d\u00e9tention provisoire.<\/p>\n<p class=\" wall-content\">\u00ab\u00a0Les investigations se poursuivent dans le cadre de l\u2019information judiciaire\u00a0\u00bb, conclue la magistrate.<\/p>\n<p>Suivez l\u2019actualit\u00e9 du Havre <a href=\"https:\/\/www.whatsapp.com\/channel\/0029VaFqJYE8aKvLBwVrEe0o\" rel=\"nofollow noopener\" target=\"_blank\">sur notre cha\u00eene WhatsApp<\/a> et <a href=\"https:\/\/www.tiktok.com\/@76actu.fr?lang=fr\" rel=\"nofollow noopener\" target=\"_blank\">sur notre compte TikTok<\/a><\/p>\n<p class=\" wall-content\">Suivez toute l\u2019actualit\u00e9 de vos villes et m\u00e9dias favoris en vous inscrivant \u00e0 <a href=\"https:\/\/moncompte.actu.fr\" title=\"D\u00e9couvez Mon Actu\" rel=\"nofollow noopener\" data-trk=\"{&quot;cta&quot;:{&quot;action&quot;:&quot;https:\\\/\\\/moncompte.actu.fr&quot;,&quot;category&quot;:&quot;mon compte&quot;,&quot;from&quot;:&quot;article footer&quot;,&quot;name&quot;:&quot;Mon actu&quot;,&quot;type&quot;:&quot;cta&quot;}}\" target=\"_blank\">Mon Actu<\/a>.<\/p>\n<p>                    <script async src=\"\/\/www.tiktok.com\/embed.js\"><\/script><\/p>\n","protected":false},"excerpt":{"rendered":"Par Julien Bouteiller Publi\u00e9 le 3 mai 2025 \u00e0 18h24 On le disait vendredi, l\u2019enqu\u00eate se poursuit et&hellip;\n","protected":false},"author":2,"featured_media":72398,"comment_status":"","ping_status":"","sticky":false,"template":"","format":"standard","meta":{"footnotes":""},"categories":[2],"tags":[119,11,118,1011,27,12],"class_list":{"0":"post-72397","1":"post","2":"type-post","3":"status-publish","4":"format-standard","5":"has-post-thumbnail","7":"category-actualites","8":"tag-accident","9":"tag-actualites","10":"tag-faits-divers","11":"tag-fr","12":"tag-france","13":"tag-news"},"share_on_mastodon":{"url":"https:\/\/pubeurope.com\/@fr\/114445312566424046","error":""},"_links":{"self":[{"href":"https:\/\/www.europesays.com\/fr\/wp-json\/wp\/v2\/posts\/72397","targetHints":{"allow":["GET"]}}],"collection":[{"href":"https:\/\/www.europesays.com\/fr\/wp-json\/wp\/v2\/posts"}],"about":[{"href":"https:\/\/www.europesays.com\/fr\/wp-json\/wp\/v2\/types\/post"}],"author":[{"embeddable":true,"href":"https:\/\/www.europesays.com\/fr\/wp-json\/wp\/v2\/users\/2"}],"replies":[{"embeddable":true,"href":"https:\/\/www.europesays.com\/fr\/wp-json\/wp\/v2\/comments?post=72397"}],"version-history":[{"count":0,"href":"https:\/\/www.europesays.com\/fr\/wp-json\/wp\/v2\/posts\/72397\/revisions"}],"wp:featuredmedia":[{"embeddable":true,"href":"https:\/\/www.europesays.com\/fr\/wp-json\/wp\/v2\/media\/72398"}],"wp:attachment":[{"href":"https:\/\/www.europesays.com\/fr\/wp-json\/wp\/v2\/media?parent=72397"}],"wp:term":[{"taxonomy":"category","embeddable":true,"href":"https:\/\/www.europesays.com\/fr\/wp-json\/wp\/v2\/categories?post=72397"},{"taxonomy":"post_tag","embeddable":true,"href":"https:\/\/www.europesays.com\/fr\/wp-json\/wp\/v2\/tags?post=72397"}],"curies":[{"name":"wp","href":"https:\/\/api.w.org\/{rel}","templated":true}]}}