{"id":724021,"date":"2026-02-10T06:11:17","date_gmt":"2026-02-10T06:11:17","guid":{"rendered":"https:\/\/www.europesays.com\/fr\/724021\/"},"modified":"2026-02-10T06:11:17","modified_gmt":"2026-02-10T06:11:17","slug":"antoine-arnault-promu-au-comite-executif-de-lvmh-09-02-2026-a-1903","status":"publish","type":"post","link":"https:\/\/www.europesays.com\/fr\/724021\/","title":{"rendered":"Antoine Arnault promu au comit\u00e9 ex\u00e9cutif de LVMH &#8211; 09\/02\/2026 \u00e0 19:03"},"content":{"rendered":"<p>        <img decoding=\"async\" src=\"https:\/\/www.europesays.com\/fr\/wp-content\/uploads\/2026\/02\/e42473bea50d73c8e6e734506c41c925-760x513.jpg\" alt=\"Antoine Arnault assiste au d\u00e9fil\u00e9 de la collection automne-hiver 2019-2020 de la maison de couture Berluti lors de la Semaine de la mode masculine \u00e0 Paris\" loading=\"eager\" fetchpriority=\"high\" width=\"760\" height=\"513\" style=\"max-width: 100%!important; height: auto;\"\/><\/p>\n<p class=\"c-image-news__legend\">Antoine Arnault assiste au d\u00e9fil\u00e9 de la collection automne-hiver 2019-2020 de la maison de couture Berluti lors de la Semaine de la mode masculine \u00e0 Paris<\/p>\n<p>\n Antoine Arnault, fils du PDG Bernard \u200dArnault, a \u00e9t\u00e9 promu lundi au comit\u00e9 ex\u00e9cutif de LVMH, o\u00f9 \u200csi\u00e8ge d\u00e9j\u00e0 sa soeur Delphine Arnault.\n<\/p>\n<p>\n Bernard Arnault, \u00e2g\u00e9 de \u200b76 ans, a cinq enfants \u2060tous impliqu\u00e9s dans la gestion de son empire du \u2060luxe, \u200dqu&rsquo;il dirige depuis pr\u00e8s de \u206040 ans. Seuls les deux a\u00een\u00e9s, Delphine, 50 ans et \u200bPDG de Christian Dior, et d\u00e9sormais Antoine, 48 ans et \u2060directeur Image et Environnement \u200bdu groupe, font partie du \u200bcomit\u00e9 ex\u00e9cutif.\n<\/p>\n<p>\n V\u00e9ronique \u200bCourtois, port\u00e9e \u00e0 la t\u00eate de \u200bParfums \u2060Christian Dior et de la division Beaut\u00e9 du groupe, a \u00e9galement \u00e9t\u00e9 nomm\u00e9e lundi au sein \u200cde ce comit\u00e9 ex\u00e9cutif tandis que St\u00e9phane Rinderknech quitte le groupe pour poursuivre de nouveaux projets, a dit LVMH.\n<\/p>\n<p>\n (Tassilo Hummel et \u200cElena Smirnova)<\/p>\n","protected":false},"excerpt":{"rendered":"Antoine Arnault assiste au d\u00e9fil\u00e9 de la collection automne-hiver 2019-2020 de la maison de couture Berluti lors de&hellip;\n","protected":false},"author":2,"featured_media":724022,"comment_status":"","ping_status":"","sticky":false,"template":"","format":"standard","meta":{"footnotes":""},"categories":[6],"tags":[400,398,408,35,405,33,34,1011,27,403,402,399,404,401,406,407],"class_list":{"0":"post-724021","1":"post","2":"type-post","3":"status-publish","4":"format-standard","5":"has-post-thumbnail","7":"category-economie","8":"tag-action-cac-40","9":"tag-bourse-de-paris","10":"tag-boursorama","11":"tag-business","12":"tag-cotations","13":"tag-economie","14":"tag-economy","15":"tag-fr","16":"tag-france","17":"tag-indices-devises","18":"tag-investir","19":"tag-investissement","20":"tag-marche-boursier","21":"tag-sicav","22":"tag-trackers","23":"tag-warrants"},"share_on_mastodon":{"url":"https:\/\/pubeurope.com\/@fr\/116044856422759555","error":""},"_links":{"self":[{"href":"https:\/\/www.europesays.com\/fr\/wp-json\/wp\/v2\/posts\/724021","targetHints":{"allow":["GET"]}}],"collection":[{"href":"https:\/\/www.europesays.com\/fr\/wp-json\/wp\/v2\/posts"}],"about":[{"href":"https:\/\/www.europesays.com\/fr\/wp-json\/wp\/v2\/types\/post"}],"author":[{"embeddable":true,"href":"https:\/\/www.europesays.com\/fr\/wp-json\/wp\/v2\/users\/2"}],"replies":[{"embeddable":true,"href":"https:\/\/www.europesays.com\/fr\/wp-json\/wp\/v2\/comments?post=724021"}],"version-history":[{"count":0,"href":"https:\/\/www.europesays.com\/fr\/wp-json\/wp\/v2\/posts\/724021\/revisions"}],"wp:featuredmedia":[{"embeddable":true,"href":"https:\/\/www.europesays.com\/fr\/wp-json\/wp\/v2\/media\/724022"}],"wp:attachment":[{"href":"https:\/\/www.europesays.com\/fr\/wp-json\/wp\/v2\/media?parent=724021"}],"wp:term":[{"taxonomy":"category","embeddable":true,"href":"https:\/\/www.europesays.com\/fr\/wp-json\/wp\/v2\/categories?post=724021"},{"taxonomy":"post_tag","embeddable":true,"href":"https:\/\/www.europesays.com\/fr\/wp-json\/wp\/v2\/tags?post=724021"}],"curies":[{"name":"wp","href":"https:\/\/api.w.org\/{rel}","templated":true}]}}