{"id":72415,"date":"2025-05-03T18:38:32","date_gmt":"2025-05-03T18:38:32","guid":{"rendered":"https:\/\/www.europesays.com\/fr\/72415\/"},"modified":"2025-05-03T18:38:32","modified_gmt":"2025-05-03T18:38:32","slug":"grenoble-une-grosse-fusillade-eclate-dans-ce-quartier-sensible-les-agresseurs-en-fuite","status":"publish","type":"post","link":"https:\/\/www.europesays.com\/fr\/72415\/","title":{"rendered":"Grenoble. Une grosse fusillade \u00e9clate dans ce quartier sensible, les agresseurs en fuite"},"content":{"rendered":"<p>            Par<br \/>\n        <strong><br \/>\n            <a href=\"https:\/\/actu.fr\/auteur\/redaction-grenoble\" title=\"Consulter tous les articles de R\u00e9daction Grenoble\" rel=\"nofollow noopener\" target=\"_blank\">R\u00e9daction Grenoble<\/a><br \/>\n        <\/strong><\/p>\n<p>        Publi\u00e9 le<\/p>\n<p>            2 mai 2025 \u00e0 10h22        <\/p>\n<p>Quatre hommes ont \u00e9t\u00e9 <strong>bless\u00e9s par balles<\/strong> dans la nuit du jeudi\u00a01er au vendredi 2\u00a0mai 2025 \u00e0 Fontaine, dans la banlieue de <a href=\"https:\/\/actu.fr\/grenoble\/\" rel=\"nofollow noopener\" target=\"_blank\">Grenoble<\/a> (<a href=\"https:\/\/actu.fr\/auvergne-rhone-alpes\/isere_38\" rel=\"nofollow noopener\" target=\"_blank\">Is\u00e8re<\/a>), lors d\u2019une nouvelle tentative d\u2019homicide pr\u00e8s d\u2019un point de deal, a indiqu\u00e9 une source polici\u00e8re.<\/p>\n<p class=\" wall-content\">Le pronostic vital n\u2019est <strong>engag\u00e9 pour aucune des victimes<\/strong>, sur lesquelles deux hommes \u00e0 scooter ont ouvert le feu avec des projectiles de calibre 12, normalement utilis\u00e9 pour la chasse, a pr\u00e9cis\u00e9 \u00e0 l\u2019AFP une source polici\u00e8re.<\/p>\n<p>Les agresseurs en fuite<\/p>\n<p class=\" wall-content\">Les agresseurs ont pris la <strong>fuite<\/strong> et le lieu de cette tentative d\u2019homicide se situe \u00e0 proximit\u00e9 d\u2019un point de deal connu de Fontaine, une commune limitrophe \u00e0 l\u2019ouest de Grenoble, selon la m\u00eame source.<\/p>\n<p>    <a href=\"https:\/\/www.google.com\/maps\/embed?pb=!1m18!1m12!1m3!1d44986.594976794964!2d5.598353787923758!3d45.193934144243954!2m3!1f0!2f0!3f0!3m2!1i1024!2i768!4f13.1!3m3!1m2!1s0x478af3071d840b39%3A0x408ab2ae4be7900!2s38600%20Fontaine!5e0!3m2!1sfr!2sfr!4v1746172884040!5m2!1sfr!2sfr\" title=\"Ouvrie le lien\" rel=\"nofollow noopener\" target=\"_blank\">Cliquez ici pour visualiser le contenu<\/a><\/p>\n<p class=\" wall-content\">Grenoble et sa banlieue connaissent r\u00e9guli\u00e8rement des \u00e9pisodes de violences par arme \u00e0 feu en lien avec le trafic de drogue, les autorit\u00e9s n\u2019h\u00e9sitant plus \u00e0 parler de \u00ab\u2009guerre des gangs\u2009\u00bb.<\/p>\n<p>Vid\u00e9os : en ce moment sur ActuQuatre bless\u00e9s le week-end dernier dans une fusillade pr\u00e8s de Grenoble<\/p>\n<p class=\" wall-content\">Le week-end dernier, quatre hommes ont \u00e9t\u00e9 <strong>bless\u00e9s par balles<\/strong> d\u00e9j\u00e0 dans trois tentatives d\u2019homicide dans des lieux distincts de Grenoble et ses environs.<\/p>\n<p class=\" wall-content\">Et un Italien atteint par balles, avec un autre homme, le 15\u00a0septembre 2024 \u00e0 Fontaine, avait succomb\u00e9 \u00e0 ses blessures le lendemain. Les deux victimes \u00e9taient connues des services de police notamment pour \u00ab\u2009usage de stup\u00e9fiants\u2009\u00bb, avait alors indiqu\u00e9 le parquet.<\/p>\n<p class=\" wall-content\"><strong>Avec AFP<\/strong><\/p>\n<p class=\" wall-content\">Suivez toute l\u2019actualit\u00e9 de vos villes et m\u00e9dias favoris en vous inscrivant \u00e0 <a href=\"https:\/\/moncompte.actu.fr\" title=\"D\u00e9couvez Mon Actu\" rel=\"nofollow noopener\" data-trk=\"{&quot;cta&quot;:{&quot;action&quot;:&quot;https:\\\/\\\/moncompte.actu.fr&quot;,&quot;category&quot;:&quot;mon compte&quot;,&quot;from&quot;:&quot;article footer&quot;,&quot;name&quot;:&quot;Mon actu&quot;,&quot;type&quot;:&quot;cta&quot;}}\" target=\"_blank\">Mon Actu<\/a>.<\/p>\n","protected":false},"excerpt":{"rendered":"Par R\u00e9daction Grenoble Publi\u00e9 le 2 mai 2025 \u00e0 10h22 Quatre hommes ont \u00e9t\u00e9 bless\u00e9s par balles dans&hellip;\n","protected":false},"author":2,"featured_media":69088,"comment_status":"","ping_status":"","sticky":false,"template":"","format":"standard","meta":{"footnotes":""},"categories":[9566],"tags":[1111,11,2430,1052,1777,674,118,1011,27,2731,12,1072,25],"class_list":{"0":"post-72415","1":"post","2":"type-post","3":"status-publish","4":"format-standard","5":"has-post-thumbnail","7":"category-grenoble","8":"tag-actu","9":"tag-actualites","10":"tag-auvergne-rhone-alpes","11":"tag-drogue","12":"tag-eu","13":"tag-europe","14":"tag-faits-divers","15":"tag-fr","16":"tag-france","17":"tag-grenoble","18":"tag-news","19":"tag-police","20":"tag-republique-francaise"},"share_on_mastodon":{"url":"https:\/\/pubeurope.com\/@fr\/114445359917758884","error":""},"_links":{"self":[{"href":"https:\/\/www.europesays.com\/fr\/wp-json\/wp\/v2\/posts\/72415","targetHints":{"allow":["GET"]}}],"collection":[{"href":"https:\/\/www.europesays.com\/fr\/wp-json\/wp\/v2\/posts"}],"about":[{"href":"https:\/\/www.europesays.com\/fr\/wp-json\/wp\/v2\/types\/post"}],"author":[{"embeddable":true,"href":"https:\/\/www.europesays.com\/fr\/wp-json\/wp\/v2\/users\/2"}],"replies":[{"embeddable":true,"href":"https:\/\/www.europesays.com\/fr\/wp-json\/wp\/v2\/comments?post=72415"}],"version-history":[{"count":0,"href":"https:\/\/www.europesays.com\/fr\/wp-json\/wp\/v2\/posts\/72415\/revisions"}],"wp:featuredmedia":[{"embeddable":true,"href":"https:\/\/www.europesays.com\/fr\/wp-json\/wp\/v2\/media\/69088"}],"wp:attachment":[{"href":"https:\/\/www.europesays.com\/fr\/wp-json\/wp\/v2\/media?parent=72415"}],"wp:term":[{"taxonomy":"category","embeddable":true,"href":"https:\/\/www.europesays.com\/fr\/wp-json\/wp\/v2\/categories?post=72415"},{"taxonomy":"post_tag","embeddable":true,"href":"https:\/\/www.europesays.com\/fr\/wp-json\/wp\/v2\/tags?post=72415"}],"curies":[{"name":"wp","href":"https:\/\/api.w.org\/{rel}","templated":true}]}}