{"id":72427,"date":"2025-05-03T18:45:13","date_gmt":"2025-05-03T18:45:13","guid":{"rendered":"https:\/\/www.europesays.com\/fr\/72427\/"},"modified":"2025-05-03T18:45:13","modified_gmt":"2025-05-03T18:45:13","slug":"cette-troupe-de-theatre-de-loire-atlantique-apporte-son-aide-a-un-enfant-handicape","status":"publish","type":"post","link":"https:\/\/www.europesays.com\/fr\/72427\/","title":{"rendered":"Cette troupe de th\u00e9\u00e2tre de Loire-Atlantique apporte son aide \u00e0 un enfant handicap\u00e9"},"content":{"rendered":"<p>Depuis une dizaine d\u2019ann\u00e9es,<a href=\"https:\/\/saint-nazaire.maville.com\/actu\/actudet_-montoir-de-bretagne.-les-treteaux-montoirins-replongent-dans-l-univers-de-la-comedie-_8-6676758_actu.Htm\" target=\"_blank\" rel=\"noopener\"> la troupe de th\u00e9\u00e2tre de l\u2019amicale la\u00efque de Montoir centre, les Tr\u00e9teaux montoirins<\/a>, vient en aide \u00e0 une association caritative. \u00a0Nos recettes, depuis toujours, vont bien sur \u00e0 l\u2019amicale la\u00efque, afin de soutenir des projets dans les \u00e9coles publiques de Montoir-de-Bretagne. Nous offrons \u00e0 No\u00ebl, un livre et des chocolats aux \u00e9l\u00e8ves de primaires et maternelles. Nous finan\u00e7ons du cin\u00e9ma. <a href=\"https:\/\/saint-nazaire.maville.com\/actu\/actudet_-montoir-de-bretagne.-les-treteaux-montoirins-font-un-don-a-spero-_8-6210564_actu.Htm\" target=\"_blank\" rel=\"noopener\">Mais nous accordons aussi des aides aux associations caritatives<\/a>\u00a0\u00bb, souligne Chantal Noury, animatrice de la troupe.<\/p>\n<p>Une aide pour l\u2019achat d\u2019un v\u00e9hicule<\/p>\n<p>Cette ann\u00e9e, c\u2019est <a href=\"https:\/\/saint-nazaire.maville.com\/actu\/actudet_-montoir-de-bretagne.-un-don-de-vam-pour-les-reves-de-leo-_8-6596468_actu.Htm\" target=\"_blank\" rel=\"noopener\">Aux R\u00eaves de L\u00e9o<\/a>\u00a0que la troupe verse la somme de 1\u00a0500\u00a0\u20ac.<\/p>\n<p>\u00a0L\u00e9o a 17\u00a0ans. Il va chaque semaine \u00e0 l\u2019IEM (Institut d\u2019\u00c9ducation Motrice) de Nantes. Il y re\u00e7oit une \u00e9ducation g\u00e9n\u00e9rale et un apprentissage \u00e0 l\u2019autonomie\u00a0\u00bb,souligne Catherine Zimmermann, sa maman.<\/p>\n<p>\u00a0Nous souhaitons acqu\u00e9rir un v\u00e9hicule d\u2019occasion adapt\u00e9 pour le recevoir avec son fauteuil \u00e9lectrique. C\u2019est un investissement lourd. Ce don est un aide pr\u00e9cieuse\u00a0\u00bb, d\u00e9clare Georges Pallar\u00e8s, le papa qui pr\u00e9cise qu\u2019il y a des cagnottes pour L\u00e9o dans les boulangeries de Montoir et une \u00e0 Saint-Herblain.<\/p>\n<p>\u00a0<\/p>\n","protected":false},"excerpt":{"rendered":"Depuis une dizaine d\u2019ann\u00e9es, la troupe de th\u00e9\u00e2tre de l\u2019amicale la\u00efque de Montoir centre, les Tr\u00e9teaux montoirins, vient&hellip;\n","protected":false},"author":2,"featured_media":72428,"comment_status":"","ping_status":"","sticky":false,"template":"","format":"standard","meta":{"footnotes":""},"categories":[2818],"tags":[1111,11,4526,17584,847,1777,674,1011,27,14658,3047,766,12,2636,25,1347,17583],"class_list":{"0":"post-72427","1":"post","2":"type-post","3":"status-publish","4":"format-standard","5":"has-post-thumbnail","7":"category-nantes","8":"tag-actu","9":"tag-actualites","10":"tag-aide","11":"tag-apporte","12":"tag-enfant","13":"tag-eu","14":"tag-europe","15":"tag-fr","16":"tag-france","17":"tag-handicape","18":"tag-loire-atlantique","19":"tag-nantes","20":"tag-news","21":"tag-pays-de-la-loire","22":"tag-republique-francaise","23":"tag-theatre","24":"tag-troupe"},"share_on_mastodon":{"url":"https:\/\/pubeurope.com\/@fr\/114445387272584200","error":""},"_links":{"self":[{"href":"https:\/\/www.europesays.com\/fr\/wp-json\/wp\/v2\/posts\/72427","targetHints":{"allow":["GET"]}}],"collection":[{"href":"https:\/\/www.europesays.com\/fr\/wp-json\/wp\/v2\/posts"}],"about":[{"href":"https:\/\/www.europesays.com\/fr\/wp-json\/wp\/v2\/types\/post"}],"author":[{"embeddable":true,"href":"https:\/\/www.europesays.com\/fr\/wp-json\/wp\/v2\/users\/2"}],"replies":[{"embeddable":true,"href":"https:\/\/www.europesays.com\/fr\/wp-json\/wp\/v2\/comments?post=72427"}],"version-history":[{"count":0,"href":"https:\/\/www.europesays.com\/fr\/wp-json\/wp\/v2\/posts\/72427\/revisions"}],"wp:featuredmedia":[{"embeddable":true,"href":"https:\/\/www.europesays.com\/fr\/wp-json\/wp\/v2\/media\/72428"}],"wp:attachment":[{"href":"https:\/\/www.europesays.com\/fr\/wp-json\/wp\/v2\/media?parent=72427"}],"wp:term":[{"taxonomy":"category","embeddable":true,"href":"https:\/\/www.europesays.com\/fr\/wp-json\/wp\/v2\/categories?post=72427"},{"taxonomy":"post_tag","embeddable":true,"href":"https:\/\/www.europesays.com\/fr\/wp-json\/wp\/v2\/tags?post=72427"}],"curies":[{"name":"wp","href":"https:\/\/api.w.org\/{rel}","templated":true}]}}