{"id":72440,"date":"2025-05-03T18:53:08","date_gmt":"2025-05-03T18:53:08","guid":{"rendered":"https:\/\/www.europesays.com\/fr\/72440\/"},"modified":"2025-05-03T18:53:08","modified_gmt":"2025-05-03T18:53:08","slug":"a-font-vert-une-exposition-photo-pour-faire-vivre-lhistoire-de-la-cite","status":"publish","type":"post","link":"https:\/\/www.europesays.com\/fr\/72440\/","title":{"rendered":"\u00e0 Font-Vert, une exposition photo pour faire vivre l&rsquo;histoire de la cit\u00e9"},"content":{"rendered":"<p>Le regard de Yasmine et de Nora, l\u2019histoire de Rabiha, de Tony ou de Claire, le futur dans les yeux d\u2019Ali, de Joris, d\u2019Hedi et d\u2019Elyes. C\u2019est tout cela \u00e0 la fois que montre \u00ab\u00a0<a href=\"https:\/\/www.laprovence.com\/article\/faits-divers-justice\/1750820664934\/a-marseille-44-locataires-de-la-cite-font-vert-attaquent-en-justice-le-bailleur-social-erilia\" target=\"_blank\" rel=\"noopener\">Font-Vert<\/a>, histoire d\u2019une cit\u00e9\u00a0\u00bb, belle exposition photo travaill\u00e9e par le photographe Olivier Sarrazin du collectif Vost, et les jeunes de l\u2019association sportive et culturelle System D, au c\u0153ur du <a href=\"https:\/\/www.laprovence.com\/article\/region\/166398487279815\/rats-ordures-gravats-cette-cite-sncf-de-marseille-bouillonne-en-attendant-les-renovations\" target=\"_blank\" rel=\"noopener\">Grand Saint-Barth\u00e9l\u00e9my<\/a> (14e).<\/p>\n<p>Elle est montr\u00e9e en ce moment, et jusqu\u2019au 14\u00a0mai, \u00e0 la Maison des familles et des associations de l\u2019avenue Salvador-Allende (14e).<\/p>\n<p>Sur une dizaine de panneaux, on retrouve les clich\u00e9s captur\u00e9s par le photographe au pied des hautes tours, sur le terrain de foot, sur le seuil de petites maisons ouvri\u00e8res, sur les parkings, et les r\u00e9cits des habitants. Ceux qui ont construit toute leur vie dans ce grand ensemble, autrefois bidonville et d\u00e9sormais concern\u00e9 par la <a href=\"https:\/\/www.laprovence.com\/article\/region\/61069880844526\/a-la-cite-sncf-de-marseille-le-projet-de-renovation-du-quartier-divise-les-habitants\" target=\"_blank\" rel=\"noopener\">r\u00e9novation urbaine<\/a>, comme les plus jeunes qui tentent d\u2019y cr\u00e9er un avenir pour la nouvelle g\u00e9n\u00e9ration.<\/p>\n<p>De la m\u00e9moire et des histoires<\/p>\n<p>En\u00a02022, Olivier Sarrazin et l\u2019\u00e9quipe de System D avaient d\u00e9j\u00e0 pass\u00e9 plusieurs mois \u00e0 r\u00e9aliser \u00ab\u00a0Grand ensemble\u00a0\u00bb, un documentaire de 52 minutes sur l\u2019histoire de ces deux cit\u00e9s voisines qui ont travers\u00e9 les \u00e9poques, du racisme et des ratonnades des ann\u00e9es\u00a01970 \u00e0\u00a01990, \u00e0 la crise \u00e9conomique des ann\u00e9es\u00a02000. \u00ab\u00a0Sur nos cit\u00e9s, il n\u2019existe pas de travail scientifique, de frise chronologique, et tr\u00e8s peu de travail artistique. Pourtant de la m\u00e9moire, et des histoires, il y en a plein. On voulait regrouper tout \u00e7a dans plusieurs supports pour les rendre accessibles et visibles pour tout Marseille\u00a0\u00bb, r\u00e9sume Soila Soilihi, le fondateur de System D.<\/p>\n","protected":false},"excerpt":{"rendered":"Le regard de Yasmine et de Nora, l\u2019histoire de Rabiha, de Tony ou de Claire, le futur dans&hellip;\n","protected":false},"author":2,"featured_media":72441,"comment_status":"","ping_status":"","sticky":false,"template":"","format":"standard","meta":{"footnotes":""},"categories":[2814],"tags":[17,1111,11,1777,674,3293,4560,11912,1011,27,884,12,2745,471,882,16,25,96],"class_list":{"0":"post-72440","1":"post","2":"type-post","3":"status-publish","4":"format-standard","5":"has-post-thumbnail","7":"category-marseille","8":"tag-17","9":"tag-actu","10":"tag-actualites","11":"tag-eu","12":"tag-europe","13":"tag-exposition","14":"tag-faire","15":"tag-font-vert","16":"tag-fr","17":"tag-france","18":"tag-marseille","19":"tag-news","20":"tag-photo","21":"tag-pour","22":"tag-provence-alpes-cote-dazur","23":"tag-region","24":"tag-republique-francaise","25":"tag-une"},"share_on_mastodon":{"url":"https:\/\/pubeurope.com\/@fr\/114445418730856889","error":""},"_links":{"self":[{"href":"https:\/\/www.europesays.com\/fr\/wp-json\/wp\/v2\/posts\/72440","targetHints":{"allow":["GET"]}}],"collection":[{"href":"https:\/\/www.europesays.com\/fr\/wp-json\/wp\/v2\/posts"}],"about":[{"href":"https:\/\/www.europesays.com\/fr\/wp-json\/wp\/v2\/types\/post"}],"author":[{"embeddable":true,"href":"https:\/\/www.europesays.com\/fr\/wp-json\/wp\/v2\/users\/2"}],"replies":[{"embeddable":true,"href":"https:\/\/www.europesays.com\/fr\/wp-json\/wp\/v2\/comments?post=72440"}],"version-history":[{"count":0,"href":"https:\/\/www.europesays.com\/fr\/wp-json\/wp\/v2\/posts\/72440\/revisions"}],"wp:featuredmedia":[{"embeddable":true,"href":"https:\/\/www.europesays.com\/fr\/wp-json\/wp\/v2\/media\/72441"}],"wp:attachment":[{"href":"https:\/\/www.europesays.com\/fr\/wp-json\/wp\/v2\/media?parent=72440"}],"wp:term":[{"taxonomy":"category","embeddable":true,"href":"https:\/\/www.europesays.com\/fr\/wp-json\/wp\/v2\/categories?post=72440"},{"taxonomy":"post_tag","embeddable":true,"href":"https:\/\/www.europesays.com\/fr\/wp-json\/wp\/v2\/tags?post=72440"}],"curies":[{"name":"wp","href":"https:\/\/api.w.org\/{rel}","templated":true}]}}