{"id":72442,"date":"2025-05-03T18:54:09","date_gmt":"2025-05-03T18:54:09","guid":{"rendered":"https:\/\/www.europesays.com\/fr\/72442\/"},"modified":"2025-05-03T18:54:09","modified_gmt":"2025-05-03T18:54:09","slug":"il-surprend-deux-hommes-armes-en-train-de-demonter-son-bateau","status":"publish","type":"post","link":"https:\/\/www.europesays.com\/fr\/72442\/","title":{"rendered":"il surprend deux hommes arm\u00e9s en train de d\u00e9monter son bateau"},"content":{"rendered":"<p>On parle souvent des vols de voitures et de pi\u00e8ces automobiles. <a href=\"https:\/\/www.laprovence.com\/article\/societe\/39328868943355\/un-marche-parallele-avec-des-commandes-en-provence-le-vol-de-pieces-detachees-explose-sur-les-voitures\" target=\"_blank\" rel=\"nofollow noopener\">Le d\u00e9partement des Bouches-du-Rh\u00f4ne et surtout Marseille sont m\u00eame en t\u00eate du classement<\/a> des zones les plus touch\u00e9es par le fl\u00e9au. On pense moins souvent \u00e0 un autre ph\u00e9nom\u00e8ne, celui des vols de bateaux de plaisance et surtout de leurs pi\u00e8ces et autres accessoires. <a href=\"https:\/\/www.laprovence.com\/article\/region\/4636318935153915\/24-mois-de-prison-pour-vol-de-bateau-au-port-de-berre\" target=\"_blank\" rel=\"nofollow noopener\">Plus d&rsquo;un millier d&#8217;embarcations sont d\u00e9rob\u00e9es chaque ann\u00e9e en France<\/a>, sans compter les vols d&rsquo;accessoires, dont les syst\u00e8mes GPS et les pr\u00e9cieux moteurs.<\/p>\n<p>\u00ab\u00a0Un coussin, c&rsquo;est vite 400\u00a0\u20ac, un compteur de vitesse, 600\u00a0\u20ac&#8230; Et \u00e7a arrive r\u00e9guli\u00e8rement, au point que parfois, je ne signale m\u00eame pas le vol \u00e0 mon assurance\u00a0\u00bb, soupire Nagib, dont le semi-rigide, stock\u00e9 dans un parc \u00e0 bateaux du 9e arrondissement de Marseille, a d\u00e9j\u00e0 \u00e9t\u00e9 la cible de voleurs de tout poil. Apr\u00e8s l&rsquo;avoir retrouv\u00e9 \u00e0 l&rsquo;eau \u00e0 la suite d&rsquo;une tentative de vol, ce jeune homme de 24 ans, fondu de navigation, a d\u00e9cid\u00e9 de s&rsquo;\u00e9quiper d&rsquo;une balise. <a href=\"https:\/\/www.laprovence.com\/article\/faits-divers-justice\/6231378\/ces-malfaiteurs-pieges-par-des-trackers.html\" target=\"_blank\" rel=\"nofollow noopener\">Un discret tracker GPS qu&rsquo;il a install\u00e9 dans son bateau<\/a> afin d&rsquo;\u00eatre alert\u00e9 directement sur son t\u00e9l\u00e9phone en cas de mouvement suspect.\u00a0<\/p>\n<p>Les voleurs exhibent la crosse d&rsquo;une arme<\/p>\n<p>Et justement, ce 15 avril\u00a02025, vers 18\u00a0h 30, un message d&rsquo;alerte appara\u00eet sur son portable. Le mouchard \u00e9lectronique vient de d\u00e9tecter un mouvement. Apr\u00e8s avoir tent\u00e9 de joindre le m\u00e9canicien du parc, Nagib d\u00e9cide de se rendre directement sur place pour lever le doute. Mais en arrivant, le jeune homme d\u00e9couvre deux personnes affair\u00e9es derri\u00e8re son Selva de 5\u00a0m\u00e8tres, une cl\u00e9 \u00e0 cliquet \u00e0 la main. Les deux hommes sont en train de d\u00e9monter le moteur.<\/p>\n<p>\u00ab\u00a0Je leur ai demand\u00e9 ce qu&rsquo;ils faisaient, en leur disant que c&rsquo;\u00e9tait mon bateau. Ce \u00e0 quoi ils ont r\u00e9pondu que&#8230; c&rsquo;\u00e9tait le leur. Ils \u00e9taient tellement sereins que l&rsquo;espace d&rsquo;un instant, ils m&rsquo;ont m\u00eame mis le doute. Et ils ont essay\u00e9 de me retourner le cerveau en me racontant n&rsquo;importe quoi\u00a0\u00bb, explique Nagib, qui reprend ses esprits. Mais le duo se fait plus intimidant. \u00ab\u00a0L&rsquo;un des deux m&rsquo;a montr\u00e9 la crosse d&rsquo;une arme qu&rsquo;il portait sur lui, mena\u00e7ant de me tuer\u00a0\u00bb, souffle le propri\u00e9taire du bateau, qui sous le coup de l&rsquo;adr\u00e9naline ne se laisse plus d\u00e9monter et filme discr\u00e8tement l&rsquo;altercation avec son t\u00e9l\u00e9phone.<\/p>\n<p>Les deux hommes ramassent leurs outils et finissent par repartir en voiture, non sans heurter Nagib en man\u0153uvrant. Ce dernier a toutefois le temps de relever la plaque d&rsquo;immatriculation et de pr\u00e9venir la police.<\/p>\n<p>\u00c0 la division Sud, les enqu\u00eateurs n&rsquo;auront pas eu de mal \u00e0 remonter au propri\u00e9taire de l&rsquo;Audi, qui par chance, n&rsquo;est pas d\u00e9clar\u00e9e vol\u00e9e. Convoqu\u00e9, l&rsquo;homme se pr\u00e9sente m\u00eame avec une seconde personne au commissariat, quelques jours plus tard. Tous deux sont plac\u00e9s en garde \u00e0 vue. En d\u00e9pit des d\u00e9n\u00e9gations, les deux suspects de 25 et 26\u00a0ans seront poursuivis. Remis en libert\u00e9 au terme de leurs auditions, ils doivent \u00eatre jug\u00e9s pour vol en r\u00e9union en septembre prochain.<\/p>\n","protected":false},"excerpt":{"rendered":"On parle souvent des vols de voitures et de pi\u00e8ces automobiles. Le d\u00e9partement des Bouches-du-Rh\u00f4ne et surtout Marseille&hellip;\n","protected":false},"author":2,"featured_media":72443,"comment_status":"","ping_status":"","sticky":false,"template":"","format":"standard","meta":{"footnotes":""},"categories":[2814],"tags":[17,1111,11,6376,17592,4070,1777,674,274,1011,27,1101,884,12,882,25,13964,926],"class_list":{"0":"post-72442","1":"post","2":"type-post","3":"status-publish","4":"format-standard","5":"has-post-thumbnail","7":"category-marseille","8":"tag-17","9":"tag-actu","10":"tag-actualites","11":"tag-armes","12":"tag-demonter","13":"tag-deux","14":"tag-eu","15":"tag-europe","16":"tag-faits-divers-justice","17":"tag-fr","18":"tag-france","19":"tag-hommes","20":"tag-marseille","21":"tag-news","22":"tag-provence-alpes-cote-dazur","23":"tag-republique-francaise","24":"tag-surprend","25":"tag-train"},"share_on_mastodon":{"url":"https:\/\/pubeurope.com\/@fr\/114445422627286548","error":""},"_links":{"self":[{"href":"https:\/\/www.europesays.com\/fr\/wp-json\/wp\/v2\/posts\/72442","targetHints":{"allow":["GET"]}}],"collection":[{"href":"https:\/\/www.europesays.com\/fr\/wp-json\/wp\/v2\/posts"}],"about":[{"href":"https:\/\/www.europesays.com\/fr\/wp-json\/wp\/v2\/types\/post"}],"author":[{"embeddable":true,"href":"https:\/\/www.europesays.com\/fr\/wp-json\/wp\/v2\/users\/2"}],"replies":[{"embeddable":true,"href":"https:\/\/www.europesays.com\/fr\/wp-json\/wp\/v2\/comments?post=72442"}],"version-history":[{"count":0,"href":"https:\/\/www.europesays.com\/fr\/wp-json\/wp\/v2\/posts\/72442\/revisions"}],"wp:featuredmedia":[{"embeddable":true,"href":"https:\/\/www.europesays.com\/fr\/wp-json\/wp\/v2\/media\/72443"}],"wp:attachment":[{"href":"https:\/\/www.europesays.com\/fr\/wp-json\/wp\/v2\/media?parent=72442"}],"wp:term":[{"taxonomy":"category","embeddable":true,"href":"https:\/\/www.europesays.com\/fr\/wp-json\/wp\/v2\/categories?post=72442"},{"taxonomy":"post_tag","embeddable":true,"href":"https:\/\/www.europesays.com\/fr\/wp-json\/wp\/v2\/tags?post=72442"}],"curies":[{"name":"wp","href":"https:\/\/api.w.org\/{rel}","templated":true}]}}