{"id":72446,"date":"2025-05-03T18:56:09","date_gmt":"2025-05-03T18:56:09","guid":{"rendered":"https:\/\/www.europesays.com\/fr\/72446\/"},"modified":"2025-05-03T18:56:09","modified_gmt":"2025-05-03T18:56:09","slug":"cherbourg-paris-lyon-la-france-traversee-par-de-forts-orages-samedi-de-nouvelles-perturbations-attendues-dimanche","status":"publish","type":"post","link":"https:\/\/www.europesays.com\/fr\/72446\/","title":{"rendered":"Cherbourg, Paris, Lyon\u2026 La France travers\u00e9e par de forts orages samedi, de nouvelles perturbations attendues dimanche"},"content":{"rendered":"<p class=\"paragraph text_align_left\">Les intemp\u00e9ries <a href=\"https:\/\/www.leparisien.fr\/meteo\/orages-paris-et-lile-de-france-frappes-par-dimpressionnantes-chutes-de-grele-03-05-2025-HNCZLAL6FZGQVMRAJ6XPR7S3ME.php\" target=\"_blank\" rel=\"nofollow noopener\">n\u2019ont pas frapp\u00e9 que la capitale<\/a> ce samedi. Plusieurs r\u00e9gions de l\u2019hexagone ont \u00e9galement vu passer de violents orages.<\/p>\n<p class=\"paragraph text_align_left\">Dans la matin\u00e9e, les \u00e9clairs z\u00e9braient d\u00e9j\u00e0 le ciel de l\u2019ouest de la France et notamment la Manche comme le soulignait ce samedi matin le m\u00e9t\u00e9orologue Guillaume S\u00e9chet, sur le r\u00e9seau social X.<\/p>\n<p class=\"paragraph text_align_left\">D\u2019autres perturbations orageuses se sont form\u00e9es dans l\u2019apr\u00e8s-midi au-dessus de l\u2019Orne et l\u2019Eure avant de fondre sur les Yvelines, <a href=\"https:\/\/www.leparisien.fr\/meteo\/grelons-couche-de-blanc-les-images-spectaculaires-de-lorage-qui-a-balaye-paris-et-lile-de-france-03-05-2025-PKQNVJXULFAPPHSVOKUIOK3FAU.php\" target=\"_blank\" rel=\"nofollow noopener\">puis Paris<\/a>, selon La Cha\u00eene M\u00e9t\u00e9o. Il s\u2019est ensuite \u00e9vacu\u00e9 <a href=\"https:\/\/www.leparisien.fr\/meteo\/des-grelons-de-2-cm-de-diametre-lorage-a-traverse-toute-lile-de-france-03-05-2025-UQ3MFQS53VBCZHKHJWSTDI5DNE.php\" target=\"_blank\" rel=\"nofollow noopener\">vers l\u2019est de l\u2019\u00cele-de-France<\/a>, puis la Champagne et la Lorraine.<\/p>\n<p class=\"paragraph text_align_left\">En parall\u00e8le, d\u2019autres orages se sont form\u00e9s dans le sud-ouest autour de Bordeaux et dans la r\u00e9gion Rh\u00f4ne-Alpes. Comme Paris, Lyon a \u00e9t\u00e9 surprise par la gr\u00eale dans l\u2019apr\u00e8s-midi.<\/p>\n<p class=\"paragraph text_align_left\">Aux alentours de 18 heures, le ciel tonnait encore des Pays de la Loire \u00e0 la Lorraine, \u00e0 l\u2019est de l\u2019Aquitaine et au-dessus de la r\u00e9gion lyonnaise, d\u2019apr\u00e8s La Cha\u00eene m\u00e9t\u00e9o. La quasi-totalit\u00e9 de l\u2019hexagone \u00e9tait d\u2019ailleurs class\u00e9e en vigilance jaune \u00ab orage \u00bb ce samedi jusqu\u2019\u00e0 minuit.<\/p>\n<p>Vigilance jaune<\/p>\n<p class=\"paragraph text_align_left\">Dimanche, le pr\u00e9visionniste classait toujours les r\u00e9gions situ\u00e9es au sud d\u2019une diagonale allant de la Gironde \u00e0 la Meuse en vigilance jaune. \u00ab Une perturbation, accompagn\u00e9e d\u2019un ciel couvert et de pluies parfois soutenues \u00bb devrait de nouveau balayer la France \u00ab des Pays de la Loire jusqu\u2019au Grand Est, progressant lentement vers le sud \u00bb, indiquait <a href=\"https:\/\/meteofrance.com\/actualites-et-dossiers\/actualites\/-week-end-marque-par-des-orages-parfois-forts-et-chute-des-temperatures\" target=\"_blank\" rel=\"nofollow noopener\">M\u00e9t\u00e9o France<\/a>.<\/p>\n<p class=\"paragraph text_align_left\">\u00ab \u00c0 l\u2019arri\u00e8re, une accalmie se dessine, avec de belles \u00e9claircies, mais dans une ambiance nettement plus fra\u00eeche \u00bb, poursuivait le pr\u00e9visionniste. De nouvelles perturbations orageuses sont \u00e0 attendre dimanche apr\u00e8s-midi \u00ab des Pyr\u00e9n\u00e9es au Massif central \u00bb et sur la r\u00e9gion Rh\u00f4ne-Alpes. L\u2019arc m\u00e9diterran\u00e9en devrait \u00eatre \u00e9pargn\u00e9.<\/p>\n","protected":false},"excerpt":{"rendered":"Les intemp\u00e9ries n\u2019ont pas frapp\u00e9 que la capitale ce samedi. Plusieurs r\u00e9gions de l\u2019hexagone ont \u00e9galement vu passer&hellip;\n","protected":false},"author":2,"featured_media":72447,"comment_status":"","ping_status":"","sticky":false,"template":"","format":"standard","meta":{"footnotes":""},"categories":[1889],"tags":[1111,11,2430,1777,674,1011,27,2428,2487,12,25],"class_list":{"0":"post-72446","1":"post","2":"type-post","3":"status-publish","4":"format-standard","5":"has-post-thumbnail","7":"category-lyon","8":"tag-actu","9":"tag-actualites","10":"tag-auvergne-rhone-alpes","11":"tag-eu","12":"tag-europe","13":"tag-fr","14":"tag-france","15":"tag-lyon","16":"tag-meteo","17":"tag-news","18":"tag-republique-francaise"},"share_on_mastodon":{"url":"https:\/\/pubeurope.com\/@fr\/114445430503487470","error":""},"_links":{"self":[{"href":"https:\/\/www.europesays.com\/fr\/wp-json\/wp\/v2\/posts\/72446","targetHints":{"allow":["GET"]}}],"collection":[{"href":"https:\/\/www.europesays.com\/fr\/wp-json\/wp\/v2\/posts"}],"about":[{"href":"https:\/\/www.europesays.com\/fr\/wp-json\/wp\/v2\/types\/post"}],"author":[{"embeddable":true,"href":"https:\/\/www.europesays.com\/fr\/wp-json\/wp\/v2\/users\/2"}],"replies":[{"embeddable":true,"href":"https:\/\/www.europesays.com\/fr\/wp-json\/wp\/v2\/comments?post=72446"}],"version-history":[{"count":0,"href":"https:\/\/www.europesays.com\/fr\/wp-json\/wp\/v2\/posts\/72446\/revisions"}],"wp:featuredmedia":[{"embeddable":true,"href":"https:\/\/www.europesays.com\/fr\/wp-json\/wp\/v2\/media\/72447"}],"wp:attachment":[{"href":"https:\/\/www.europesays.com\/fr\/wp-json\/wp\/v2\/media?parent=72446"}],"wp:term":[{"taxonomy":"category","embeddable":true,"href":"https:\/\/www.europesays.com\/fr\/wp-json\/wp\/v2\/categories?post=72446"},{"taxonomy":"post_tag","embeddable":true,"href":"https:\/\/www.europesays.com\/fr\/wp-json\/wp\/v2\/tags?post=72446"}],"curies":[{"name":"wp","href":"https:\/\/api.w.org\/{rel}","templated":true}]}}