{"id":72450,"date":"2025-05-03T18:59:13","date_gmt":"2025-05-03T18:59:13","guid":{"rendered":"https:\/\/www.europesays.com\/fr\/72450\/"},"modified":"2025-05-03T18:59:13","modified_gmt":"2025-05-03T18:59:13","slug":"paris-fc-psg-feminin-0-0-5-t-a-b-4-le-pfc-remporte-la-coupe-de-france-apres-des-tirs-au-but-irrespirables","status":"publish","type":"post","link":"https:\/\/www.europesays.com\/fr\/72450\/","title":{"rendered":"Paris FC-PSG f\u00e9minin (0-0, 5 t.a.b. 4)\u00a0: le PFC remporte la Coupe de France apr\u00e8s des tirs au but irrespirables"},"content":{"rendered":"<p class=\"paragraph text_align_left\">Coup double pour le Paris FC. Au terme d\u2019une finale assez \u00e2pre mais \u00e9quilibr\u00e9e, le Paris FC s\u2019est offert le <a href=\"https:\/\/www.leparisien.fr\/sports\/football\/psg-feminin\/\" target=\"_blank\" rel=\"nofollow noopener\">Paris Saint-Germain<\/a> dans un joli derby de la capitale en finale de la Coupe de France f\u00e9minine. Les joueuses de Sandrine Soubeyrand empochent leur premier titre dans la comp\u00e9tition au lendemain de<a href=\"https:\/\/www.leparisien.fr\/sports\/football\/paris-fc\/paris-fc-la-ligue-1-a-cote-du-psg-et-maintenant-le-defi-de-fideliser-le-public-a-jean-bouin-03-05-2025-VDYND47RJ5GU5MKYACKLLUJOWI.php\" target=\"_blank\" rel=\"nofollow noopener\"> la mont\u00e9e des hommes en Ligue 1<\/a>. Quelle semaine pour le club !<\/p>\n<p class=\"lp-f-ui-06 bet-widget_legal-notices lp-color-text-muted lp-mb-07\">LES JEUX D&rsquo;ARGENT ET DE HASARD PEUVENT \u00caTRE DANGEREUX : PERTES D&rsquo;ARGENT, CONFLITS FAMILIAUX, ADDICTION\u2026 RETROUVEZ NOS CONSEILS SUR <a href=\"https:\/\/joueurs-info-service.fr\/\" class=\"lp-color-text-muted\" rel=\"nofollow noopener\" target=\"_blank\">JOUEURS-INFO-SERVICE.FR<\/a> (09 74 75 13 13 &#8211; APPEL NON SURTAX\u00c9)<\/p>\n<p class=\"paragraph text_align_left\">Marqu\u00e9e par un but refus\u00e9 pour hors-jeu de la l\u00e9gende <a href=\"https:\/\/www.leparisien.fr\/sports\/football\/toute-histoire-a-une-fin-gaetane-thiney-annonce-sa-retraite-sportive-01-04-2025-S4KZKLFONRHNFJDZTUXZQGDUAM.php\" target=\"_blank\" rel=\"nofollow noopener\">Ga\u00ebtane Thiney<\/a>, qui s\u2019appr\u00eate \u00e0 stopper sa carri\u00e8re \u00e0 39 ans, la premi\u00e8re p\u00e9riode n\u2019a pas pourtant offert un grand spectacle aux plus de 8 000 spectateurs du stade de l\u2019\u00c9pop\u00e9e de Calais. Apr\u00e8s quarante-cinq minutes de possession st\u00e9rile et de jeu peu savoureux, le PSG n\u2019avait que pour victoire le toss d\u2019avant-match. Madame Audrey Gerbel renvoyait alors tout le monde au vestiaire. \u00ab C\u2019est un match tr\u00e8s intense, avec deux jeux un peu diff\u00e9rents, il faut continuer dans ce sens \u00bb, analysait la capitaine Thiney.<\/p>\n<p>Katoto manque la balle de match<\/p>\n<p class=\"paragraph text_align_left\">Devant Nasser Al-Khela\u00effi, Pierre Ferracci, <a href=\"https:\/\/www.leparisien.fr\/sports\/football\/ligue-1\/le-paris-fc-en-ligue-1-je-suis-tres-fier-de-faire-partie-de-cette-aventure-savoure-antoine-arnault-02-05-2025-FWG5OU3OC5BMZLTDSP73XZFQ3E.php\" target=\"_blank\" rel=\"nofollow noopener\">Antoine Arnault<\/a> ou encore Philippe Diallo, les 22 actrices ont ensuite propos\u00e9 davantage de football. D\u00e8s l\u2019entame de la seconde p\u00e9riode, Katarzyna Kiedrzynek a r\u00e9sist\u00e9 face \u00e0 Kessya Bussy, puis \u00e0 Ga\u00ebtane Thiney, et sauv\u00e9 le PSG. La gardienne polonaise pensait m\u00eame voir son attaquante Romee Leuchter ouvrir le score peu apr\u00e8s l\u2019heure de jeu, mais le but de la N\u00e9erlandaise, qui a tromp\u00e9 Chiamaka Nnazodie en glissant le ballon entre ses jambes sur un service de Grace Geyoro, a \u00e9t\u00e9 annul\u00e9 pour hors-jeu.<\/p>\n<p class=\"paragraph text_align_left\">\u00c0 l\u2019approche du dernier quart d\u2019heure, le PSG a acc\u00e9l\u00e9r\u00e9 gr\u00e2ce aux entr\u00e9es de Sakina Karchaoui et <a href=\"https:\/\/www.leparisien.fr\/sports\/football\/marie-antoinette-katoto\/\" target=\"_blank\" rel=\"nofollow noopener\">Marie-Antoinette Katoto<\/a>. Cette derni\u00e8re a m\u00eame pens\u00e9 transformer une balle de match \u00e0 la derni\u00e8re minute du temps additionnel apr\u00e8s une sortie compl\u00e8tement manqu\u00e9e de la porti\u00e8re du Paris FC, mais sa t\u00eate a flirt\u00e9 avec la base du poteau gauche. Un score nul et vierge offrait finalement une s\u00e9ance de tirs au but aux spectateurs calaisiens.<\/p>\n<p class=\"paragraph text_align_left\">Le premier \u00e9chec est venu <a href=\"https:\/\/www.leparisien.fr\/sports\/football\/je-ne-me-fixe-plus-de-limites-clara-mateo-un-trophee-de-meilleure-joueuse-et-un-titre-en-vue-avec-le-paris-fc-03-05-2025-DXBCXPRCG5CYZDZPMWGE36NS7M.php\" target=\"_blank\" rel=\"nofollow noopener\">Clara Mateo<\/a>, qui a vu sa frappe du pied gauche s\u2019\u00e9craser sur la barre transversale du dernier rempart du PSG Katarzyna Kiedrzynek. Le deuxi\u00e8me fut celui de Korbin Albert, qui a permis au PFC d\u2019\u00e9galiser par la suite apr\u00e8s avoir but\u00e9 sur Chiamaka Nnazodie. La gardienne nig\u00e9riane de 24 ans a ensuite sorti la tentative de Jade Le Guilly. Le Paris FC est champion, et Ga\u00ebtane Thiney boucle sa carri\u00e8re sur une merveilleuse histoire en remportant un premier titre.<\/p>\n<p class=\"paragraph text_align_left\">Les deux \u00e9quipes se retrouveront dans une semaine, le dimanche 11 mai, en demi-finale de Premi\u00e8re ligue Arkema, au Parc des Princes. <\/p>\n","protected":false},"excerpt":{"rendered":"Coup double pour le Paris FC. Au terme d\u2019une finale assez \u00e2pre mais \u00e9quilibr\u00e9e, le Paris FC s\u2019est&hellip;\n","protected":false},"author":2,"featured_media":72451,"comment_status":"","ping_status":"","sticky":false,"template":"","format":"standard","meta":{"footnotes":""},"categories":[1888],"tags":[1111,1928,11,1927,1777,674,63,1011,27,12,1926,626,1925,13887,25,60],"class_list":{"0":"post-72450","1":"post","2":"type-post","3":"status-publish","4":"format-standard","5":"has-post-thumbnail","7":"category-paris","8":"tag-actu","9":"tag-actu-paris","10":"tag-actualites","11":"tag-actualites-paris","12":"tag-eu","13":"tag-europe","14":"tag-football","15":"tag-fr","16":"tag-france","17":"tag-news","18":"tag-news-paris","19":"tag-paris","20":"tag-paris-news","21":"tag-psg-feminin","22":"tag-republique-francaise","23":"tag-sports"},"share_on_mastodon":{"url":"https:\/\/pubeurope.com\/@fr\/114445442492717428","error":""},"_links":{"self":[{"href":"https:\/\/www.europesays.com\/fr\/wp-json\/wp\/v2\/posts\/72450","targetHints":{"allow":["GET"]}}],"collection":[{"href":"https:\/\/www.europesays.com\/fr\/wp-json\/wp\/v2\/posts"}],"about":[{"href":"https:\/\/www.europesays.com\/fr\/wp-json\/wp\/v2\/types\/post"}],"author":[{"embeddable":true,"href":"https:\/\/www.europesays.com\/fr\/wp-json\/wp\/v2\/users\/2"}],"replies":[{"embeddable":true,"href":"https:\/\/www.europesays.com\/fr\/wp-json\/wp\/v2\/comments?post=72450"}],"version-history":[{"count":0,"href":"https:\/\/www.europesays.com\/fr\/wp-json\/wp\/v2\/posts\/72450\/revisions"}],"wp:featuredmedia":[{"embeddable":true,"href":"https:\/\/www.europesays.com\/fr\/wp-json\/wp\/v2\/media\/72451"}],"wp:attachment":[{"href":"https:\/\/www.europesays.com\/fr\/wp-json\/wp\/v2\/media?parent=72450"}],"wp:term":[{"taxonomy":"category","embeddable":true,"href":"https:\/\/www.europesays.com\/fr\/wp-json\/wp\/v2\/categories?post=72450"},{"taxonomy":"post_tag","embeddable":true,"href":"https:\/\/www.europesays.com\/fr\/wp-json\/wp\/v2\/tags?post=72450"}],"curies":[{"name":"wp","href":"https:\/\/api.w.org\/{rel}","templated":true}]}}