{"id":72454,"date":"2025-05-03T19:01:08","date_gmt":"2025-05-03T19:01:08","guid":{"rendered":"https:\/\/www.europesays.com\/fr\/72454\/"},"modified":"2025-05-03T19:01:08","modified_gmt":"2025-05-03T19:01:08","slug":"le-trafic-interrompu-jusquen-debut-de-soiree-sur-la-ligne-l-entre-paris-et-les-yvelines","status":"publish","type":"post","link":"https:\/\/www.europesays.com\/fr\/72454\/","title":{"rendered":"le trafic interrompu jusqu&rsquo;en d\u00e9but de soir\u00e9e sur la ligne L entre Paris et les Yvelines"},"content":{"rendered":"<p>            Par<br \/>\n        <strong><br \/>\n            <a href=\"https:\/\/actu.fr\/auteur\/antoine-grotteria02\" title=\"Consulter tous les articles de Antoine Grotteria\" target=\"_blank\" rel=\"noopener\">Antoine Grotteria<\/a><br \/>\n        <\/strong><\/p>\n<p>        Publi\u00e9 le<\/p>\n<p>            3 mai 2025 \u00e0 18h41        <\/p>\n<p>Un apr\u00e8s-midi particuli\u00e8rement coriace pour les usagers des transports franciliens. Alors qu\u2019un <a href=\"https:\/\/actu.fr\/ile-de-france\/paris_75056\/video-paris-un-impressionnant-orage-de-grele-s-abat-sur-la-capitale-le-metro-perturbe-par-les-inondations_62592097.html\" target=\"_blank\" rel=\"noopener\">violent orage<\/a> de gr\u00eale a frapp\u00e9 <a href=\"https:\/\/actu.fr\/paris\/\" target=\"_blank\" rel=\"noopener\">Paris<\/a> et <a href=\"https:\/\/actu.fr\/ile-de-france\/\" target=\"_blank\" rel=\"noopener\">l\u2019\u00cele-de-France<\/a>, plusieurs stations de m\u00e9tro ne marquent pas l\u2019arr\u00eat en raison <strong>d\u2019inondations<\/strong> ce samedi 3\u00a0mai 2025. Dans le Transilien, la situation n\u2019est gu\u00e8re plus favorable entre la capitale et les Yvelines. Le trafic de la ligne J est toujours <strong>interrompu<\/strong> entre la <a href=\"https:\/\/actu.fr\/tag\/gare-saint-lazare\" target=\"_blank\" rel=\"noopener\">gare Saint-Lazare<\/a> et <strong>Maisons-Laffitte<\/strong>.<\/p>\n<p>Le RER A en alternative<\/p>\n<p class=\" wall-content\">Sur le r\u00e9seau social X, la SNCF a indiqu\u00e9 que l\u2019interruption \u00e9tait li\u00e9e \u00e0 une <strong>panne \u00e9lectrique<\/strong> survenue dans le secteur de la grande gare du 8e arrondissement. La circulation ne reprendra avant <strong>20\u00a0heures<\/strong>. Ainsi, les arr\u00eats Pont Cardinet, Clichy-Levallois, Asni\u00e8res-sur-Seine, B\u00e9con-les-Bruy\u00e8res, Les Vall\u00e9es, La Garenne-Colombes, Nanterre-Universit\u00e9, Houilles-Carri\u00e8res-sur-Seine, Sartrouville et Maisons-Laffitte ne sont pas desservis dans les deux sens.<\/p>\n<p class=\" wall-content\">\n<p class=\" wall-content\">\n<p class=\" wall-content\">La SNCF recommande aux voyageurs souhaitant se rendre \u00e0 Saint-Lazare d\u2019emprunter le <strong>RER A<\/strong> jusqu\u2019\u00e0 la station Auber, puis de se rendre jusqu\u2019\u00e0 Havre-Caumartin. Pour les autres, la r\u00e9gie enjoint \u00e0 attendre le red\u00e9marrage des trains.<\/p>\n<p class=\" wall-content\">Suivez toute l\u2019actualit\u00e9 de vos villes et m\u00e9dias favoris en vous inscrivant \u00e0 <a href=\"https:\/\/moncompte.actu.fr\" title=\"D\u00e9couvez Mon Actu\" rel=\"nofollow noopener\" data-trk=\"{&quot;cta&quot;:{&quot;action&quot;:&quot;https:\\\/\\\/moncompte.actu.fr&quot;,&quot;category&quot;:&quot;mon compte&quot;,&quot;from&quot;:&quot;article footer&quot;,&quot;name&quot;:&quot;Mon actu&quot;,&quot;type&quot;:&quot;cta&quot;}}\" target=\"_blank\">Mon Actu<\/a>.<\/p>\n","protected":false},"excerpt":{"rendered":"Par Antoine Grotteria Publi\u00e9 le 3 mai 2025 \u00e0 18h41 Un apr\u00e8s-midi particuli\u00e8rement coriace pour les usagers des&hellip;\n","protected":false},"author":2,"featured_media":72455,"comment_status":"","ping_status":"","sticky":false,"template":"","format":"standard","meta":{"footnotes":""},"categories":[1888],"tags":[11,1777,674,1011,27,13666,12,626,25,2215,104,2803],"class_list":{"0":"post-72454","1":"post","2":"type-post","3":"status-publish","4":"format-standard","5":"has-post-thumbnail","7":"category-paris","8":"tag-actualites","9":"tag-eu","10":"tag-europe","11":"tag-fr","12":"tag-france","13":"tag-gare-saint-lazare","14":"tag-news","15":"tag-paris","16":"tag-republique-francaise","17":"tag-sncf","18":"tag-societe","19":"tag-transport"},"share_on_mastodon":{"url":"https:\/\/pubeurope.com\/@fr\/114445450149867076","error":""},"_links":{"self":[{"href":"https:\/\/www.europesays.com\/fr\/wp-json\/wp\/v2\/posts\/72454","targetHints":{"allow":["GET"]}}],"collection":[{"href":"https:\/\/www.europesays.com\/fr\/wp-json\/wp\/v2\/posts"}],"about":[{"href":"https:\/\/www.europesays.com\/fr\/wp-json\/wp\/v2\/types\/post"}],"author":[{"embeddable":true,"href":"https:\/\/www.europesays.com\/fr\/wp-json\/wp\/v2\/users\/2"}],"replies":[{"embeddable":true,"href":"https:\/\/www.europesays.com\/fr\/wp-json\/wp\/v2\/comments?post=72454"}],"version-history":[{"count":0,"href":"https:\/\/www.europesays.com\/fr\/wp-json\/wp\/v2\/posts\/72454\/revisions"}],"wp:featuredmedia":[{"embeddable":true,"href":"https:\/\/www.europesays.com\/fr\/wp-json\/wp\/v2\/media\/72455"}],"wp:attachment":[{"href":"https:\/\/www.europesays.com\/fr\/wp-json\/wp\/v2\/media?parent=72454"}],"wp:term":[{"taxonomy":"category","embeddable":true,"href":"https:\/\/www.europesays.com\/fr\/wp-json\/wp\/v2\/categories?post=72454"},{"taxonomy":"post_tag","embeddable":true,"href":"https:\/\/www.europesays.com\/fr\/wp-json\/wp\/v2\/tags?post=72454"}],"curies":[{"name":"wp","href":"https:\/\/api.w.org\/{rel}","templated":true}]}}