{"id":72459,"date":"2025-05-03T19:04:09","date_gmt":"2025-05-03T19:04:09","guid":{"rendered":"https:\/\/www.europesays.com\/fr\/72459\/"},"modified":"2025-05-03T19:04:09","modified_gmt":"2025-05-03T19:04:09","slug":"les-etats-unis-autorisent-la-vente-de-pieces-detachees-et-de-services-pour-le-soutien-des-f-16-ukrainiens","status":"publish","type":"post","link":"https:\/\/www.europesays.com\/fr\/72459\/","title":{"rendered":"Les \u00c9tats-Unis autorisent la vente de pi\u00e8ces d\u00e9tach\u00e9es et de services pour le soutien des F-16 ukrainiens"},"content":{"rendered":"<p><img fetchpriority=\"high\" decoding=\"async\" src=\"https:\/\/www.europesays.com\/fr\/wp-content\/uploads\/2025\/05\/f16-ukraine-20250503.jpg\" alt=\"\" width=\"600\" height=\"319\" class=\"alignnone size-full wp-image-81792\"  \/><\/p>\n<p>Le 30 avril, apr\u00e8s moult atermoiements et rebondissements, les \u00c9tats-Unis et l\u2019Ukraine ont fini par signer un accord donnant aux premiers un acc\u00e8s prioritaires aux ressources mini\u00e8res ukrainiennes [m\u00e9taux strat\u00e9giques et hydrocarbures]. <\/p>\n<p>En outre, il pr\u00e9voit \u00e9galement la cr\u00e9ation d\u2019un fonds d\u2019investissement, le United States \u2013 Ukraine Reconstruction Investment Fund pour faciliter leur exploitation, ce qui permettra par ailleurs de financer la reconstruction de l\u2019Ukraine, une fois que la guerre lanc\u00e9e par la Russie aura pris fin\u2026 Ce qui est loin d\u2019\u00eatre acquis pour le moment. <\/p>\n<p>En tout cas, pour le secr\u00e9taire am\u00e9ricain au Tr\u00e9sor, Scott Bessent, cet accord \u00ab\u00a0signale clairement \u00e0 la Russie que l\u2019administration Trump est engag\u00e9e dans un processus de paix centr\u00e9 sur une Ukraine libre, souveraine et prosp\u00e8re \u00e0 long terme\u00a0\u00bb. Et d\u2019ajouter : \u00ab\u00a0Pour \u00eatre bien clair, aucun \u00c9tat ni aucun individu ayant financ\u00e9 ou aliment\u00e9 la machine de guerre russe ne sera autoris\u00e9 \u00e0 b\u00e9n\u00e9ficier de la reconstruction de l\u2019Ukraine\u00a0\u00bb. <\/p>\n<p>\u00ab\u00a0C\u2019est l\u2019\u00c9tat ukrainien qui est responsable de l\u2019exploitation des ressources naturelles et qui d\u00e9termine ce qu\u2019il faut extraire et o\u00f9 il faut le faire. Le sous-sol reste la propri\u00e9t\u00e9 de l\u2019Ukraine, ce qui est clairement \u00e9tabli dans l\u2019accord\u00a0\u00bb, a pr\u00e9cis\u00e9 Yulia Svyrydenko, la ministre ukrainienne de l\u2019\u00c9conomie. <\/p>\n<p>A priori, cet accord ne comporterait pas de garanties de s\u00e9curit\u00e9 am\u00e9ricaines face \u00e0 la Russie, pourtant demand\u00e9es par l\u2019Ukraine. Le pr\u00e9sident Trump \u00ab\u00a0veut que les deux parties s\u2019assoient \u00e0 la table, maintenant, en montrant que les \u00c9tats-Unis ont un int\u00e9r\u00eat \u00e9conomique en Ukraine\u00a0\u00bb, a seulement indiqu\u00e9 M. Bessent, \u00e0 l\u2019antenne de Fox News. <\/p>\n<p>En outre, il n\u2019aborderait pas non plus la question de l\u2019aide militaire am\u00e9ricaine, celle que per\u00e7oit actuellement l\u2019Ukraine ayant \u00e9t\u00e9 accord\u00e9e par l\u2019administration de Joe Biden, \u00e0 en croire Volodymyr Zelensky, le pr\u00e9sident ukrainien. <\/p>\n<p>Outre la livraison d\u2019\u00e9quipements militaires et une assistance dans certains domaines cl\u00e9s, comme le renseignement, cette derni\u00e8re porte sur la formation des pilotes de F-16 des forces a\u00e9riennes ukrainiennes. <\/p>\n<p>Pour rappel, ces appareils ont \u00e9t\u00e9 c\u00e9d\u00e9s \u00e0 Kiev par les Pays-Bas, le Danemark, la Norv\u00e8ge. La Belgique en a promis trente exemplaires\u2026 mais la livraison des premiers appareils n\u2019a pas pu encore se faire, faute de pilotes et de pi\u00e8ces d\u00e9tach\u00e9es disponibles pour assurer leur soutien.<\/p>\n<p>Quoi qu\u2019il en soit, via un avis publi\u00e9 le 2 mai, la Defense Security Cooperation Agency [DSCA], charg\u00e9e des exportations d\u2019\u00e9quipements militaires am\u00e9ricains dans le cadre du dispositif FMS [Foreign Military Sales] a recommand\u00e9 au Congr\u00e8s d\u2019accepter un contrat portant sur la vente de services li\u00e9s au soutien des F-16 ukrainiens. Son montant est estim\u00e9 \u00e0 310,5 millions de dollars. <\/p>\n<p>\u00ab\u00a0Le gouvernement ukrainien demande l\u2019autorisation d\u2019acheter des \u00e9quipements et des services pour soutenir ses avions F-16\u00a0\u00bb, indique la DSCA. Il est question de modifications et de mises \u00e0 niveau des appareils, de formation du personnel li\u00e9 \u00e0 l\u2019exploitation et \u00e0 la maintenance, de pi\u00e8ces de rechange, de logiciels, etc.<\/p>\n<p>\u00ab\u00a0Cette vente propos\u00e9e soutiendra les objectifs de politique \u00e9trang\u00e8re et de s\u00e9curit\u00e9 nationale des \u00c9tats-Unis en am\u00e9liorant la s\u00e9curit\u00e9 d\u2019un pays partenaire qui est une force pour la stabilit\u00e9 politique et le progr\u00e8s \u00e9conomique en Europe\u00a0\u00bb, justifie la DSCA dans son avis. <\/p>\n<p>Et d\u2019ajouter qu\u2019elle am\u00e9liorera aussi \u00ab\u00a0la capacit\u00e9 de l\u2019Ukraine \u00e0 faire face aux menaces actuelles et futures en garantissant que ses pilotes sont efficacement form\u00e9s et en augmentant son interop\u00e9rabilit\u00e9 avec les \u00c9tats-Unis gr\u00e2ce \u00e0 une formation compl\u00e8te avec l\u2019US Air Force\u00a0\u00bb. <\/p>\n<p>Enfin, la DSCA souligne que cette vente \u00ab\u00a0s\u2019aligne sur les contributions de la coalition internationale pour la mise en place du programme F-16 de l\u2019Ukraine et la modernisation globale de la force a\u00e9rienne ukrainienne\u00a0\u00bb. <\/p>\n<p>\u00c0 noter que ce contrat potentiel devrait impliquer Valiant Integrated Services, sp\u00e9cialiste de  la formation et de la simulation, l\u2019entreprise de Services de S\u00e9curit\u00e9 et de D\u00e9fense [ESSD] Top Aces [qui dispose de F-16 pour des prestations dites \u00ab\u00a0Red Air\u00a0\u00bb], Lockheed-Martin, Pratt and Whitney et BAE Systems.<\/p>\n<p>Cela \u00e9tant, les \u00c9tats-Unis livrent d\u00e9j\u00e0 des pi\u00e8ces d\u00e9tach\u00e9es de F-16 \u00e0 l\u2019Ukraine. Ces derniers jours, des photographies montrant des cellules de F-16 en train d\u2019\u00eatre charg\u00e9es \u00e0 bord d\u2019un avion de transport ukrainien An-124 \u00e0 l\u2019a\u00e9roport de Tucson [Arizona], ont \u00e9t\u00e9 diffus\u00e9es sur les r\u00e9seaux sociaux. <\/p>\n<blockquote class=\"twitter-tweet\">\n<p lang=\"en\" dir=\"ltr\">The picture Loomer posted shows two shrink wrapped F-16s with vertical stabilizers, engines, nose cones, and wings removed being loaded into the Antonov using the rear cargo winch. <a href=\"https:\/\/t.co\/67rh8B5PZ1\" rel=\"nofollow\">pic.twitter.com\/67rh8B5PZ1<\/a><\/p>\n<p>\u2014 Keystone Intel (@KSOSINT) <a href=\"https:\/\/twitter.com\/KSOSINT\/status\/1917351613372522979?ref_src=twsrc%5Etfw\" rel=\"nofollow noopener\" target=\"_blank\">April 29, 2025<\/a><\/p>\n<\/blockquote>\n<p>Selon les sites de suivi du trafic a\u00e9rien, l\u2019An-124, immatricul\u00e9 UR-82027 et exploit\u00e9 par Antonov Airlines, est arriv\u00e9 \u00e0 Tucson le 25 avril. Puis, vingt-quatre heures plus tard, apr\u00e8s avoir charg\u00e9 les cellules de F-16 provenant des d\u00e9p\u00f4ts de la  base a\u00e9rienne Davis-Monthan, il s\u2019est envol\u00e9 vers l\u2019a\u00e9roport de Rzesz\u00f3w-Jasionka [Pologne], qui sert de plaque tournante pour l\u2019aide militaire accord\u00e9e \u00e0 l\u2019Ukraine. <\/p>\n<blockquote class=\"twitter-tweet\" data-conversation=\"none\">\n<p lang=\"en\" dir=\"ltr\">While confirming the details of this, I found further pictures posted online by a local transportation company showing a third wrapped F-16 at Davis-Monthan and being loaded into the Antonov An-124. <a href=\"https:\/\/t.co\/xKCTAPxX03\" rel=\"nofollow\">pic.twitter.com\/xKCTAPxX03<\/a><\/p>\n<p>\u2014 Keystone Intel (@KSOSINT) <a href=\"https:\/\/twitter.com\/KSOSINT\/status\/1917351634331435248?ref_src=twsrc%5Etfw\" rel=\"nofollow noopener\" target=\"_blank\">April 29, 2025<\/a><\/p>\n<\/blockquote>\n<p>Un porte-parole de l\u2019US Air Force a confirm\u00e9 aupr\u00e8s du site sp\u00e9cialis\u00e9 The War Zone qu\u2019il s\u2019agissait bien de F-16 retir\u00e9s du service devant \u00eatre livr\u00e9s \u00e0 la force a\u00e9rienne ukrainienne afin que celle-ci puisse disposer de \u00ab\u00a0r\u00e9servoirs\u00a0\u00bb de pi\u00e8ces d\u00e9tach\u00e9es. Ces appareils \u00ab\u00a0ne sont plus en \u00e9tat de voler. Il est important de noter qu\u2019il leur manque des composants essentiels, comme leur moteur et leur radar. Ils ne peuvent pas \u00eatre reconstitu\u00e9s pour une usage op\u00e9rationnel\u00a0\u00bb, a-t-il dit. <\/p>\n<p>\t\t\t\t\t\t\t\t\t\t\t\t\t<script async src=\"https:\/\/platform.twitter.com\/widgets.js\" charset=\"utf-8\"><\/script><\/p>\n","protected":false},"excerpt":{"rendered":"Le 30 avril, apr\u00e8s moult atermoiements et rebondissements, les \u00c9tats-Unis et l\u2019Ukraine ont fini par signer un accord&hellip;\n","protected":false},"author":2,"featured_media":72460,"comment_status":"","ping_status":"","sticky":false,"template":"","format":"standard","meta":{"footnotes":""},"categories":[1590],"tags":[11,1329,73,1777,674,17593,17594,131,1332,17595,12,17596,132,7618,17597,220],"class_list":{"0":"post-72459","1":"post","2":"type-post","3":"status-publish","4":"format-standard","5":"has-post-thumbnail","7":"category-ukraine","8":"tag-actualites","9":"tag-dsca","10":"tag-etats-unis","11":"tag-eu","12":"tag-europe","13":"tag-f-16","14":"tag-force-aerienne-ukrainienne","15":"tag-guerre-en-ukraine","16":"tag-lockheed-martin","17":"tag-mco","18":"tag-news","19":"tag-pieces-detachees","20":"tag-russie","21":"tag-soutien","22":"tag-top-aces","23":"tag-ukraine"},"share_on_mastodon":{"url":"https:\/\/pubeurope.com\/@fr\/114445462249412599","error":""},"_links":{"self":[{"href":"https:\/\/www.europesays.com\/fr\/wp-json\/wp\/v2\/posts\/72459","targetHints":{"allow":["GET"]}}],"collection":[{"href":"https:\/\/www.europesays.com\/fr\/wp-json\/wp\/v2\/posts"}],"about":[{"href":"https:\/\/www.europesays.com\/fr\/wp-json\/wp\/v2\/types\/post"}],"author":[{"embeddable":true,"href":"https:\/\/www.europesays.com\/fr\/wp-json\/wp\/v2\/users\/2"}],"replies":[{"embeddable":true,"href":"https:\/\/www.europesays.com\/fr\/wp-json\/wp\/v2\/comments?post=72459"}],"version-history":[{"count":0,"href":"https:\/\/www.europesays.com\/fr\/wp-json\/wp\/v2\/posts\/72459\/revisions"}],"wp:featuredmedia":[{"embeddable":true,"href":"https:\/\/www.europesays.com\/fr\/wp-json\/wp\/v2\/media\/72460"}],"wp:attachment":[{"href":"https:\/\/www.europesays.com\/fr\/wp-json\/wp\/v2\/media?parent=72459"}],"wp:term":[{"taxonomy":"category","embeddable":true,"href":"https:\/\/www.europesays.com\/fr\/wp-json\/wp\/v2\/categories?post=72459"},{"taxonomy":"post_tag","embeddable":true,"href":"https:\/\/www.europesays.com\/fr\/wp-json\/wp\/v2\/tags?post=72459"}],"curies":[{"name":"wp","href":"https:\/\/api.w.org\/{rel}","templated":true}]}}