{"id":72478,"date":"2025-05-03T19:14:14","date_gmt":"2025-05-03T19:14:14","guid":{"rendered":"https:\/\/www.europesays.com\/fr\/72478\/"},"modified":"2025-05-03T19:14:14","modified_gmt":"2025-05-03T19:14:14","slug":"volley-hand-foot-rugby-demandez-le-programme-des-clubs-heraultais-ce-week-end","status":"publish","type":"post","link":"https:\/\/www.europesays.com\/fr\/72478\/","title":{"rendered":"Volley, hand, foot, rugby\u2026 Demandez le programme des clubs h\u00e9raultais ce week-end"},"content":{"rendered":"<p>\n                                                                Le MHSC VB dos au mur en volley, choc en foot entre les deux premiers de R\u00e9gional 1, phase finale de rugby\u2026 Programme du week-end des clubs h\u00e9raultais.\n                            <\/p>\n<p><strong>Vendredi 2\u00a0mai<\/strong><\/p>\n<p align=\"left\"><strong>Volley-ball <\/strong>Ligue A, demi-finale retour\u00a0: Tours \u2013 MHSC VB, 20\u00a0h D\u00e9fait \u00e0 l\u2019aller, Montpellier se doit d\u2019\u00e9galiser. Dans le m\u00eame temps, Poitiers, vainqueur du premier match, re\u00e7oit Chaumont.<\/p>\n<p align=\"left\"><strong>Handball <\/strong>Proligue, 29e journ\u00e9e\u00a0: Frontignan \u2013 S\u00e9lestat, 20\u00a0h\u00a030, gymnase Ferrari \u00e0 Frontignan.<\/p>\n<p align=\"left\"><strong>Football,<\/strong> R\u00e9gional 3, match en retard 16e journ\u00e9e\u00a0: Frontignan \u2013 Puissalicon Magalas, 20\u00a0h\u00a030<\/p>\n<p align=\"left\"><strong>Tambourin<\/strong> Nationale 1, 5e journ\u00e9e\u00a0: Cournonterral \u2013 Cazouls-d\u2019H\u00e9rault, 21\u00a0h\u00a030<br \/>Nationale 1 f\u00e9minine, 3e journ\u00e9e\u00a0: Vend\u00e9mian \u2013 Poussan, 21\u00a0h\u00a030<\/p>\n<p>Samedi 3\u00a0mai<\/p>\n<p><strong>Futsal<\/strong> D1, 19e journ\u00e9e\u00a0: Laval \u2013 Montpellier, 16\u00a0h\u00a030<\/p>\n<p align=\"left\"><strong>Handball<\/strong>\u00a0N1 Masculine, 21e journ\u00e9e\u00a0: MHB \u2013 Pays d\u2019Aix, 19\u00a0h au FDI Stadium<\/p>\n<p align=\"left\"><strong>Water-polo<\/strong>, \u00e9lite masculine, demi-finale retour\u00a0: Marseille \u2013 Montpellier, 18\u00a0h<br \/>Place de 5 \u00e0 6, aller\u00a0: S\u00e8te \u2013 Reims, 19\u00a0h<\/p>\n<p align=\"left\"><strong>Football\u00a0<\/strong>R\u00e9gional 1, Poule A, 23e journ\u00e9e\u00a0: Mende \u2013 Clermontaise, 18\u00a0h<br \/>Frontignan \u2013 St-Est\u00e8ve, 18\u00a0h\u00a030<br \/>AS\u00a0B\u00e9ziers \u2013 Canet-Roussillon<br \/>ESC Montferrier \u2013 Vauvert<\/p>\n<p align=\"left\">R\u00e9gional 2, 23e journ\u00e9e\u00a0: Castelnau Le Cr\u00e8s \u2013 Pignan, 19\u00a0h, au Cr\u00e8s, stade Roland Gamet<br \/>Aimargues \u2013 ESC Montferrier II, 17\u00a0h<br \/>SC S\u00e8te \u2013 Bagnols Pont, 18\u00a0h\u00a030 stade Louis-Michel<br \/>Uz\u00e8s \u2013 Vendargues, 18\u00a0h\u00a030<br \/>R\u00e9gional 2, poule B\u00a0: Paulhan \u2013 Colomiers, 19\u00a0h<\/p>\n<p align=\"left\">R\u00e9gional 3, match en retard\u00a018e journ\u00e9e\u00a0: B\u00e9ziers II \u2013 St-Orens, stade de Domairon \u00e0 Carcassonne<\/p>\n<p align=\"left\"><strong>Cyclisme\u00a0<\/strong>BMX, Challenge France Sud Ouest \u00e0 Frontignan<\/p>\n<p align=\"left\"><strong>Base-ball<\/strong> Division 1, 6e journ\u00e9e\u00a0: B\u00e9ziers \u2013 S\u00e9nart (1er\u00a0match), 17\u00a0h<\/p>\n<p align=\"left\"><strong>Tambourin<\/strong> Nationale 1, 5e journ\u00e9e\u00a0: Cournonsec \u2013 Gignac, 17\u00a0h<br \/>Vend\u00e9mian \u2013 Monceaux-sur-Dordogne, 17\u00a0h<br \/>Nationale 2, 5e journ\u00e9e\u00a0: Poussan \u2013 Cournonterral, 21\u00a0h\u00a030<\/p>\n<p>Dimanche 4\u00a0mai<\/p>\n<p align=\"left\"><strong>Football\u00a0<\/strong>Ligue 1, 32e journ\u00e9e\u00a0: Brest \u2013 MHSC, 17\u00a0h\u00a015<\/p>\n<p align=\"left\">R\u00e9gional 1, poule A, 23e journ\u00e9e\u00a0: Atlas \u2013 Grau du Roi, stade annexe Mosson, 15\u00a0h<br \/>Fabr\u00e8gues \u2013 Lunel Gallia, stade Joseph Jeanton, 15\u00a0h<br \/>R\u00e9gional 2, 23e journ\u00e9e\u00a0: Lattes \u2013 Petit Bard, complexe Fangouse, 15\u00a0h<br \/>ASM 34 \u2013 Chemin Bas, Valras Plage, 15\u00a0h<br \/>R\u00e9gional 2, poule B\u00a0: Juventus Papus \u2013 Agde, 15\u00a0h<\/p>\n<p align=\"left\">R\u00e9gional 3, match en retard 16e journ\u00e9e\u00a0: St-Gilles \u2013 Baillargues St-Br\u00e8s<\/p>\n<p align=\"left\"><strong>Cyclisme <\/strong>BMX race, 4e manche de la coupe Occitanie \u00e0 Frontignan<\/p>\n<p align=\"left\"><strong>Rugby\u00a0<\/strong>F\u00e9d\u00e9rale 2, barrage\u00a0: Pays St-Jeannais \u2013 Palavas \u00e0 St-Jean de Bournay (Is\u00e8re), 15\u00a0h<\/p>\n<p align=\"left\">F\u00e9d\u00e9rale 3, 32e de finale\u00a0: Tain Tournon \u2013 Vendres Lespignan, \u00e0 Tournon-sur-Rh\u00f4ne, 15\u00a0h<\/p>\n<p align=\"left\"><strong>Base-ball<\/strong> Division 1, 6e journ\u00e9e\u00a0: B\u00e9ziers \u2013 S\u00e9nart (2e match), 11\u00a0h<br \/>Toulouse \u2013 Montpellier (11\u00a0h, 14\u00a0h)<\/p>\n<p><strong>Courses p\u00e9destres<\/strong><br \/>34es foul\u00e9es des Droits de l\u2019Homme \u00e0\u00a0Montbazin\u00a0: 6\u00a0km et 12\u00a0km<br \/>10e trail du Berger \u00e0 Aniane\u00a0: 10\u00a0km et 25\u00a0km, 9\u00a0h<br \/>15e trail du Somail \u00e0 Pr\u00e9mian, de 7\u00a0h\u00a030 \u00e0 12\u00a0h<\/p>\n<p><strong>Tambourin<\/strong>\u00a0Nationale 1 f\u00e9minine, 3e journ\u00e9e\u00a0: Cournonsec \u2013 Notre-Dame-de-Londres, 17\u00a0h<br \/>Nationale 2 masculine, 5e journ\u00e9e\u00a0: Pennes Mirabeau \u2013 Vend\u00e9mian, 13\u00a0h<br \/>Cazouls-d\u2019H\u00e9rault \u2013 M\u00e8ze, 15\u00a0h<br \/>Cournonsec \u2013 Gignac, 17\u00a0h<\/p>\n","protected":false},"excerpt":{"rendered":"Le MHSC VB dos au mur en volley, choc en foot entre les deux premiers de R\u00e9gional 1,&hellip;\n","protected":false},"author":2,"featured_media":72479,"comment_status":"","ping_status":"","sticky":false,"template":"","format":"standard","meta":{"footnotes":""},"categories":[1417],"tags":[1011,27,60,1470,1469],"class_list":{"0":"post-72478","1":"post","2":"type-post","3":"status-publish","4":"format-standard","5":"has-post-thumbnail","7":"category-volley","8":"tag-fr","9":"tag-france","10":"tag-sports","11":"tag-volley","12":"tag-volleyball"},"share_on_mastodon":{"url":"https:\/\/pubeurope.com\/@fr\/114445501608852051","error":""},"_links":{"self":[{"href":"https:\/\/www.europesays.com\/fr\/wp-json\/wp\/v2\/posts\/72478","targetHints":{"allow":["GET"]}}],"collection":[{"href":"https:\/\/www.europesays.com\/fr\/wp-json\/wp\/v2\/posts"}],"about":[{"href":"https:\/\/www.europesays.com\/fr\/wp-json\/wp\/v2\/types\/post"}],"author":[{"embeddable":true,"href":"https:\/\/www.europesays.com\/fr\/wp-json\/wp\/v2\/users\/2"}],"replies":[{"embeddable":true,"href":"https:\/\/www.europesays.com\/fr\/wp-json\/wp\/v2\/comments?post=72478"}],"version-history":[{"count":0,"href":"https:\/\/www.europesays.com\/fr\/wp-json\/wp\/v2\/posts\/72478\/revisions"}],"wp:featuredmedia":[{"embeddable":true,"href":"https:\/\/www.europesays.com\/fr\/wp-json\/wp\/v2\/media\/72479"}],"wp:attachment":[{"href":"https:\/\/www.europesays.com\/fr\/wp-json\/wp\/v2\/media?parent=72478"}],"wp:term":[{"taxonomy":"category","embeddable":true,"href":"https:\/\/www.europesays.com\/fr\/wp-json\/wp\/v2\/categories?post=72478"},{"taxonomy":"post_tag","embeddable":true,"href":"https:\/\/www.europesays.com\/fr\/wp-json\/wp\/v2\/tags?post=72478"}],"curies":[{"name":"wp","href":"https:\/\/api.w.org\/{rel}","templated":true}]}}