{"id":72482,"date":"2025-05-03T19:16:08","date_gmt":"2025-05-03T19:16:08","guid":{"rendered":"https:\/\/www.europesays.com\/fr\/72482\/"},"modified":"2025-05-03T19:16:08","modified_gmt":"2025-05-03T19:16:08","slug":"atp-madrid-inquietude-pour-casper-ruud-avant-la-finale-contre-jack-draper-jespere-que-ce-nest-pas-trop-grave","status":"publish","type":"post","link":"https:\/\/www.europesays.com\/fr\/72482\/","title":{"rendered":"ATP &#8211; Madrid > Inqui\u00e9tude pour Casper Ruud avant la finale contre Jack Draper : \u00ab\u00a0J&rsquo;esp\u00e8re que ce n&rsquo;est pas trop grave\u00a0\u00bb"},"content":{"rendered":"<p>Casper Ruud a bien fait de serrer les\u00a0dents.<\/p>\n<p>Apr\u00e8s avoir fait appel au kin\u00e9 d\u00e8s le d\u00e9but de sa demi\u2010finale face \u00e0 Cerundolo sur le Masters 1000 de Madrid \u00e0 cause de douleurs au niveau des c\u00f4tes, le Norv\u00e9gien a fini par s\u2019im\u00adposer et se quali\u00adfier pour la deuxi\u00e8me finale de sa carri\u00e8re dans cette cat\u00e9\u00adgorie de tournois.<\/p>\n<p>Forc\u00e9ment inter\u00adrog\u00e9 au sujet de cette douleur en conf\u00e9\u00adrence de presse d\u2019apr\u00e8s match, l\u2019ac\u00adtuel 15e mondial s\u2019est voulu rassu\u00adrant m\u00eame s\u2019il n\u2019est s\u00fbr de\u00a0rien.\u00a0<\/p>\n<p><strong>\u00ab\u202fDans la r\u00e9gion des c\u00f4tes, la douleur peut \u00eatre vive, mais l\u00e0, je me sens bien. Je n\u2019ai fait aucun examen, si ce n\u2019est que mon kin\u00e9\u00adsi\u00adth\u00e9\u00adra\u00adpeute a jet\u00e9 un coup d\u2019oeil et m\u2019a fait craquer le dos, ce qui m\u2019a soulag\u00e9. J\u2019esp\u00e8re que ce n\u2019est pas trop grave, on va faire tout ce qui est en notre pouvoir pour que je me sente encore mieux. Au fur et \u00e0 mesure que le match avan\u00ad\u00e7ait et que les anal\u00adg\u00e9\u00adsiques faisaient leur effet, j\u2019ai senti que j\u2019al\u00adlais mieux, ce qui est bon signe. Je pense, d\u2019apr\u00e8s ce que j\u2019ai ressenti, qu\u2019il ne faut pas trop s\u2019in\u00adqui\u00e9ter pour dimanche.\u202f\u00bb<\/strong><\/p>\n<p class=\"post-published-date\" style=\"color: silver; font-size: 75%; text-align: left;\">Publi\u00e9 le samedi 3 mai 2025 \u00e0 18:55<\/p>\n","protected":false},"excerpt":{"rendered":"Casper Ruud a bien fait de serrer les\u00a0dents. Apr\u00e8s avoir fait appel au kin\u00e9 d\u00e8s le d\u00e9but de&hellip;\n","protected":false},"author":2,"featured_media":72483,"comment_status":"","ping_status":"","sticky":false,"template":"","format":"standard","meta":{"footnotes":""},"categories":[1415],"tags":[4388,1011,27,60,1467],"class_list":{"0":"post-72482","1":"post","2":"type-post","3":"status-publish","4":"format-standard","5":"has-post-thumbnail","7":"category-tennis","8":"tag-draper","9":"tag-fr","10":"tag-france","11":"tag-sports","12":"tag-tennis"},"share_on_mastodon":{"url":"https:\/\/pubeurope.com\/@fr\/114445509107502900","error":""},"_links":{"self":[{"href":"https:\/\/www.europesays.com\/fr\/wp-json\/wp\/v2\/posts\/72482","targetHints":{"allow":["GET"]}}],"collection":[{"href":"https:\/\/www.europesays.com\/fr\/wp-json\/wp\/v2\/posts"}],"about":[{"href":"https:\/\/www.europesays.com\/fr\/wp-json\/wp\/v2\/types\/post"}],"author":[{"embeddable":true,"href":"https:\/\/www.europesays.com\/fr\/wp-json\/wp\/v2\/users\/2"}],"replies":[{"embeddable":true,"href":"https:\/\/www.europesays.com\/fr\/wp-json\/wp\/v2\/comments?post=72482"}],"version-history":[{"count":0,"href":"https:\/\/www.europesays.com\/fr\/wp-json\/wp\/v2\/posts\/72482\/revisions"}],"wp:featuredmedia":[{"embeddable":true,"href":"https:\/\/www.europesays.com\/fr\/wp-json\/wp\/v2\/media\/72483"}],"wp:attachment":[{"href":"https:\/\/www.europesays.com\/fr\/wp-json\/wp\/v2\/media?parent=72482"}],"wp:term":[{"taxonomy":"category","embeddable":true,"href":"https:\/\/www.europesays.com\/fr\/wp-json\/wp\/v2\/categories?post=72482"},{"taxonomy":"post_tag","embeddable":true,"href":"https:\/\/www.europesays.com\/fr\/wp-json\/wp\/v2\/tags?post=72482"}],"curies":[{"name":"wp","href":"https:\/\/api.w.org\/{rel}","templated":true}]}}