{"id":72492,"date":"2025-05-03T19:22:12","date_gmt":"2025-05-03T19:22:12","guid":{"rendered":"https:\/\/www.europesays.com\/fr\/72492\/"},"modified":"2025-05-03T19:22:12","modified_gmt":"2025-05-03T19:22:12","slug":"le-fils-de-catherine-deneuve-se-confie-sur-son-enfance","status":"publish","type":"post","link":"https:\/\/www.europesays.com\/fr\/72492\/","title":{"rendered":"le fils de Catherine Deneuve se confie sur son enfance"},"content":{"rendered":"<p>L\u2019ic\u00f4ne du cin\u00e9ma n\u2019en reste pas moins une femme, une m\u00e8re et une grand-m\u00e8re. Dans une interview publi\u00e9e dans Point de vue ce 30 avril, son fils Christian Vadim r\u00e9v\u00e8le son adorable surnom et ses souvenirs d\u2019enfance.<\/p>\n<p class=\"fig-paragraph\">Il y a des\u00a0<a href=\"https:\/\/madame.lefigaro.fr\/celebrites\" target=\"_blank\" data-fig-type=\"Section\" rel=\"noopener nofollow\" data-gtm-custom-categorie=\"navigation\" data-gtm-custom-action=\"crossclick\" data-gtm-custom-label=\"Contextuel\" data-gtm-event=\"customEventSPE\" data-fig-domain=\"MADAME\">stars\u00a0<\/a>si grandes, qu\u2019on peine \u00e0 les consid\u00e9rer comme des \u00eatres humains normaux, menant une vie somme toute banale. Si le quotidien de\u00a0<a href=\"https:\/\/madame.lefigaro.fr\/tag\/catherine-deneuve\" target=\"_blank\" rel=\"noopener nofollow\" data-gtm-custom-categorie=\"navigation\" data-gtm-custom-action=\"crossclick\" data-gtm-custom-label=\"Contextuel\" data-gtm-event=\"customEventSPE\">Catherine Deneuve<\/a>\u00a0est souvent fantasm\u00e9, \u00e0 la fois \u00e0 cause du myst\u00e8re qu\u2019elle entretient autour de sa\u00a0<a href=\"https:\/\/madame.lefigaro.fr\/tag\/vie-privee\" target=\"_blank\" rel=\"noopener nofollow\" data-gtm-custom-categorie=\"navigation\" data-gtm-custom-action=\"crossclick\" data-gtm-custom-label=\"Contextuel\" data-gtm-event=\"customEventSPE\">vie priv\u00e9e<\/a>, et de la grandeur de sa carri\u00e8re. Pourtant,\u00a0<a href=\"https:\/\/madame.lefigaro.fr\/tag\/actrice\" target=\"_blank\" rel=\"noopener nofollow\" data-gtm-custom-categorie=\"navigation\" data-gtm-custom-action=\"crossclick\" data-gtm-custom-label=\"Contextuel\" data-gtm-event=\"customEventSPE\">l\u2019actrice\u00a0<\/a>de 81 ans a eu deux enfants, Chiara Mastroianni, n\u00e9 de l\u2019union entre Catherine Deneuve et l\u2019acteur italien, Marcello Mastroianni, et Christian Vadim, fils du r\u00e9alisateur et sc\u00e9nariste Roger Vadim.<\/p>\n<p class=\"fig-body-link&#10;    \">\n            \u00c0 lire aussi<br \/>\n        <a class=\"fig-body-link__link\" href=\"http:\/\/madame.lefigaro.fr\/celebrites\/actu-people\/catherine-deneuve-c-est-juste-ma-grand-mere-c-est-manou-milo-thoretton-se-confie-sur-sa-relation-avec-sa-grand-mere-20250408\" data-fig-type=\"Article\" data-gtm-custom-categorie=\"navigation\" data-gtm-custom-action=\"crossclick\" data-gtm-custom-label=\"Contextuel\" data-gtm-event=\"customEventSPE\" data-fig-domain=\"MADAME\" rel=\"nofollow noopener\" target=\"_blank\">\u00abCatherine Deneuve, c\u2019est juste ma grand-m\u00e8re, c\u2019est Manou\u00bb\u00a0: Milo Thoretton se confie sur sa relation avec sa grand-m\u00e8re<\/a>\n<\/p>\n<p class=\"fig-paragraph\">Comment, dans ces conditions, ne pas embrasser une carri\u00e8re d\u2019acteur \u00e0 son tour\u00a0? Comme sa demi-s\u0153ur, Christian Vadim est devenu acteur, et appara\u00eet en ce moment dans la\u00a0<a href=\"https:\/\/madame.lefigaro.fr\/tag\/serie-tv\" target=\"_blank\" rel=\"noopener nofollow\" data-gtm-custom-categorie=\"navigation\" data-gtm-custom-action=\"crossclick\" data-gtm-custom-label=\"Contextuel\" data-gtm-event=\"customEventSPE\">s\u00e9rie t\u00e9l\u00e9vis\u00e9e<\/a>\u00a0\u00e0 succ\u00e8s Demain nous appartient. S\u2019il confie \u00e0\u00a0<a href=\"https:\/\/www.pointdevue.fr\/society\/actus\/christian-vadim-revele-le-surnom-donne-par-ses-enfants-a-catherine-deneuve-sa-mere\" target=\"_blank\" rel=\"nofollow noopener\" data-gtm-custom-categorie=\"navigation\" data-gtm-custom-action=\"crossclick\" data-gtm-custom-label=\"Contextuel\" data-gtm-event=\"customEventSPE\">Point de vue<\/a> \u00a0que ses parents ont tout fait pour lui offrir une\u00a0<a href=\"https:\/\/madame.lefigaro.fr\/tag\/enfance\" target=\"_blank\" rel=\"noopener nofollow\" data-gtm-custom-categorie=\"navigation\" data-gtm-custom-action=\"crossclick\" data-gtm-custom-label=\"Contextuel\" data-gtm-event=\"customEventSPE\">enfance\u00a0<\/a>normale, certains \u00e9v\u00e9nements venaient percer cette bulle. \u00abQuand ma m\u00e8re \u00e9tait en couple avec Marcello Mastroianni, c\u2019\u00e9tait une p\u00e9riode difficile. Je me souviens d\u2019une promenade, lorsque ma s\u0153ur Chiara \u00e9tait b\u00e9b\u00e9, o\u00f9 nous avons d\u00fb courir pour \u00e9chapper aux paparazzis\u00bb, se souvient-il.<\/p>\n<p>    <a href=\"https:\/\/photo-madame.lefigaro.fr\/celebrites\/catherine-deneuve-libre-esprit-20250220\" rel=\"nofollow noopener\" target=\"_blank\"><\/p>\n<p class=\"fig-slideshow__title\">\n                    Catherine Deneuve, libre esprit\n                <\/p>\n<p>                            <img decoding=\"async\" src=\"https:\/\/www.europesays.com\/fr\/wp-content\/uploads\/2025\/05\/b3ee7807040684b2dcf244b81a57becbc350a24cb2f1e9901fbcaab8629adef7.jpg\" class=\"fig-slideshow__hidden\" alt=\"\"\/><\/p>\n<p>    <\/a><\/p>\n<p>In\u00e9vitables s\u00e9parations<\/p>\n<p class=\"fig-paragraph\">Si grandir dans une famille d\u2019artistes apporte une\u00a0<a href=\"https:\/\/madame.lefigaro.fr\/tag\/education\" target=\"_blank\" rel=\"noopener nofollow\" data-gtm-custom-categorie=\"navigation\" data-gtm-custom-action=\"crossclick\" data-gtm-custom-label=\"Contextuel\" data-gtm-event=\"customEventSPE\">\u00e9ducation\u00a0<\/a>plus originale &#8211; \u00abMa m\u00e8re m\u2019a appris la rigueur, mon p\u00e8re, la fantaisie. Ce sont des qualit\u00e9s qu\u2019ils \u00e9changeaient parfois\u00bb, se souvient-il &#8211; les rep\u00e8res d\u2019un enfant n\u2019en restent pas moins boulevers\u00e9s par leur rythme de vie particulier. \u00abOn devait r\u00e9apprendre \u00e0 vivre ensemble \u00e0 chaque retour. Ce n\u2019\u00e9tait pas facile, surtout quand on est enfant. Mais ma m\u00e8re m\u2019a toujours prot\u00e9g\u00e9\u00bb, analyse-t-il, reconnaissant.<\/p>\n<p class=\"fig-paragraph\">S\u2019il y a bien une p\u00e9riode pendant laquelle \u00eatre le fils de deux grands acteurs a \u00e9t\u00e9 un point positif, c\u2019est \u00e0\u00a0<a href=\"https:\/\/madame.lefigaro.fr\/tag\/adolescence\" target=\"_blank\" rel=\"noopener nofollow\" data-gtm-custom-categorie=\"navigation\" data-gtm-custom-action=\"crossclick\" data-gtm-custom-label=\"Contextuel\" data-gtm-event=\"customEventSPE\">l\u2019adolescence<\/a>. \u00abIl y avait toujours plein de copains et on rigolait \u00e9norm\u00e9ment. Je me rappelle de fous rires avec\u00a0<a href=\"https:\/\/madame.lefigaro.fr\/tag\/johnny-hallyday\" target=\"_blank\" rel=\"noopener nofollow\" data-gtm-custom-categorie=\"navigation\" data-gtm-custom-action=\"crossclick\" data-gtm-custom-label=\"Contextuel\" data-gtm-event=\"customEventSPE\">Johnny Hallyday<\/a>, de d\u00e9jeuners interminables o\u00f9 Marcello Mastroianni et mon p\u00e8re finissaient toujours sur une note tr\u00e8s arros\u00e9e, heureux et enjou\u00e9s\u00bb, se rappelle-t-il. Des souvenirs peu communs&#8230; tout comme sa premi\u00e8re sortie en\u00a0<a href=\"https:\/\/madame.lefigaro.fr\/tag\/boite-de-nuit\" target=\"_blank\" rel=\"noopener nofollow\" data-gtm-custom-categorie=\"navigation\" data-gtm-custom-action=\"crossclick\" data-gtm-custom-label=\"Contextuel\" data-gtm-event=\"customEventSPE\">bo\u00eete de nuit<\/a>. \u00abJe ne les percevais pas comme des vedettes. La premi\u00e8re fois que je suis all\u00e9 en bo\u00eete, c\u2019\u00e9tait \u00e0 l\u2019\u00c9lys\u00e9e-Matignon avec ma m\u00e8re. J\u2019avais 17 ans. Je revois mon p\u00e8re discuter avec Serge Gainsbourg install\u00e9 au piano. \u00c0 l\u2019\u00e9poque, je ne mesurais pas que j\u2019aurais d\u00fb rester et \u00e9changer avec eux. Comme n\u2019importe quel gamin de mon \u00e2ge, je ne pensais qu\u2019\u00e0 rejoindre la piste de danse pour me rapprocher des filles\u00bb.<\/p>\n<p class=\"fig-slideshow__title\">\n                    Catherine Deneuve, la bourgeoise fantasm\u00e9e\n                <\/p>\n<p>Le surnom donn\u00e9 par ses petits-enfants<\/p>\n<p class=\"fig-paragraph\">Aujourd\u2019hui, c\u2019est au tour de ses trois enfants, Igor, Lou et Mona, de construire des souvenirs avec leur tr\u00e8s c\u00e9l\u00e8bre grand-m\u00e8re. Un r\u00f4le qui semble lui tenir tr\u00e8s \u00e0 c\u0153ur, et qu\u2019elle s\u2019efforce d\u2019accomplir loin des cam\u00e9ras et de l\u2019\u0153il voyeuriste du public. Pourtant, pas question que cette nouvelle vie ne la fasse se sentir plus \u00e2g\u00e9e. \u00abComme de nombreuses grands-m\u00e8res, ma m\u00e8re ne souhaitait pas qu\u2019on l\u2019appelle ainsi. Pour mes enfants,\u00a0<a href=\"http:\/\/madame.lefigaro.fr\/celebrites\/actu-people\/catherine-deneuve-c-est-juste-ma-grand-mere-c-est-manou-milo-thoretton-se-confie-sur-sa-relation-avec-sa-grand-mere-20250408\" data-fig-type=\"Article\" data-gtm-custom-categorie=\"navigation\" data-gtm-custom-action=\"crossclick\" data-gtm-custom-label=\"Contextuel\" data-gtm-event=\"customEventSPE\" data-fig-domain=\"MADAME\" rel=\"nofollow noopener\" target=\"_blank\">elle est donc Manou<\/a>. Je trouve cela tr\u00e8s mignon\u00bb, r\u00e9v\u00e8le Christian Vadim.<\/p>\n<p>\u00a0\u00bb<br \/>\n        data-script=\u00a0\u00bbhttps:\/\/static.lefigaro.fr\/widget-video\/short-ttl\/video\/index.js\u00a0\u00bb<br \/>\n    &gt;<\/p>\n","protected":false},"excerpt":{"rendered":"L\u2019ic\u00f4ne du cin\u00e9ma n\u2019en reste pas moins une femme, une m\u00e8re et une grand-m\u00e8re. Dans une interview publi\u00e9e&hellip;\n","protected":false},"author":2,"featured_media":72493,"comment_status":"","ping_status":"","sticky":false,"template":"","format":"standard","meta":{"footnotes":""},"categories":[1359],"tags":[976,17599,972,58,10777,2773,59,638,1011,27,17600,977,17601,973,975,974],"class_list":{"0":"post-72492","1":"post","2":"type-post","3":"status-publish","4":"format-standard","5":"has-post-thumbnail","7":"category-people","8":"tag-actu-people","9":"tag-catherine-deneuve","10":"tag-celebrite","11":"tag-divertissement","12":"tag-enfance","13":"tag-enfants-de","14":"tag-entertainment","15":"tag-figaro","16":"tag-fr","17":"tag-france","18":"tag-grand-mere","19":"tag-madame","20":"tag-paparazzi","21":"tag-people","22":"tag-potain-de-stars","23":"tag-star"},"share_on_mastodon":{"url":"https:\/\/pubeurope.com\/@fr\/114445532794913196","error":""},"_links":{"self":[{"href":"https:\/\/www.europesays.com\/fr\/wp-json\/wp\/v2\/posts\/72492","targetHints":{"allow":["GET"]}}],"collection":[{"href":"https:\/\/www.europesays.com\/fr\/wp-json\/wp\/v2\/posts"}],"about":[{"href":"https:\/\/www.europesays.com\/fr\/wp-json\/wp\/v2\/types\/post"}],"author":[{"embeddable":true,"href":"https:\/\/www.europesays.com\/fr\/wp-json\/wp\/v2\/users\/2"}],"replies":[{"embeddable":true,"href":"https:\/\/www.europesays.com\/fr\/wp-json\/wp\/v2\/comments?post=72492"}],"version-history":[{"count":0,"href":"https:\/\/www.europesays.com\/fr\/wp-json\/wp\/v2\/posts\/72492\/revisions"}],"wp:featuredmedia":[{"embeddable":true,"href":"https:\/\/www.europesays.com\/fr\/wp-json\/wp\/v2\/media\/72493"}],"wp:attachment":[{"href":"https:\/\/www.europesays.com\/fr\/wp-json\/wp\/v2\/media?parent=72492"}],"wp:term":[{"taxonomy":"category","embeddable":true,"href":"https:\/\/www.europesays.com\/fr\/wp-json\/wp\/v2\/categories?post=72492"},{"taxonomy":"post_tag","embeddable":true,"href":"https:\/\/www.europesays.com\/fr\/wp-json\/wp\/v2\/tags?post=72492"}],"curies":[{"name":"wp","href":"https:\/\/api.w.org\/{rel}","templated":true}]}}