{"id":72494,"date":"2025-05-03T19:23:12","date_gmt":"2025-05-03T19:23:12","guid":{"rendered":"https:\/\/www.europesays.com\/fr\/72494\/"},"modified":"2025-05-03T19:23:12","modified_gmt":"2025-05-03T19:23:12","slug":"connectees-a-lepoque-les-journees-photographiques-de-bienne-explorent-les-horizons-incertains","status":"publish","type":"post","link":"https:\/\/www.europesays.com\/fr\/72494\/","title":{"rendered":"Connect\u00e9es \u00e0 l\u2019\u00e9poque, les Journ\u00e9es photographiques de Bienne explorent les horizons incertains"},"content":{"rendered":"<p>              <a tabindex=\"-1\" title=\"St\u00e9phane Gobbo\" href=\"https:\/\/www.letemps.ch\/profil\/stephane-gobbo\" target=\"_blank\" rel=\"noopener\"><\/p>\n<p>                    <img decoding=\"async\" src=\"https:\/\/www.europesays.com\/fr\/wp-content\/uploads\/2025\/04\/1745864111_469_small.jpeg\" class=\"lazy\" alt=\"\"\/><\/p>\n<p><\/a>        <\/p>\n<p>    Publi\u00e9 le 02 mai 2025 \u00e0 21:16. \/ Modifi\u00e9 le 03 mai 2025 \u00e0 16:57.<\/p>\n<p> 4 min. de lecture<\/p>\n<ul>\n<li>\n<p>La 28e \u00e9dition des Journ\u00e9es photographiques de Bienne se d\u00e9roulent dans 10 lieux de la ville bernoise du 3 au 25 mai.<\/p>\n<\/li>\n<li>\n<p>\u00abHorizons\u00bb est le th\u00e8me retenu par la directrice Sarah Girard.<\/p>\n<\/li>\n<li>\n<p>Parmi les 18 artistes invit\u00e9s, Anastasia Mityukova, qui pr\u00e9sente un travail sur les liens \u00e9conomiques qui relient la Suisse, la Russie et l\u2019Ukraine.<\/p>\n<\/li>\n<\/ul>\n<p>Climat, \u00e9quilibre g\u00e9opolitique, commerce mondial, menaces nationalistes, conflits qui s\u2019enlisent\u2026 Alors que le XXIe\u00a0si\u00e8cle est en train de boucler son premier quart, les temps n\u2019ont depuis longtemps jamais \u00e9t\u00e9 aussi incertains. C\u2019est en pensant \u00e0 cet avenir flou, et \u00e0 la mani\u00e8re dont les artistes l\u2019int\u00e8grent dans leurs travaux et recherches, que Sarah Girard a choisi de placer la 28e \u00e9dition des Journ\u00e9es photographiques de Bienne, une manifestation qu\u2019elle dirige pour la septi\u00e8me et derni\u00e8re fois, sous le th\u00e8me des Horizons. Revendiquant une approche ascendante en mati\u00e8re de programmation, elle dit toujours partir de cette question: \u00abQuelles sont les pr\u00e9occupations des photographes en lien avec l\u2019actualit\u00e9?\u00bb<\/p>\n<p>Les Journ\u00e9es photographiques 2025 proposent 18 expositions pr\u00e9sentant dans 10 lieux de la cit\u00e9 bernoise les r\u00e9flexions de photographes contemporains sur un paysage g\u00e9ographique, social, politique et \u00e9conomique en pleine mutation. Le Photoforum Pasquart accueille six propositions, dont celle, tr\u00e8s forte, d\u2019Anastasia Mityukova. Quiet neutrality est un projet qu\u2019elle a d\u00e9but\u00e9 l\u2019ann\u00e9e derni\u00e8re, et dont elle d\u00e9voile pour la premi\u00e8re fois les contours. Photographe suisse d\u2019origine russe, collaboratrice au service iconographique du Temps, elle a d\u00e9cid\u00e9 de se pencher sur les liens \u00e9conomiques qui relient la Suisse, la Russie et l\u2019Ukraine.<\/p>\n<p>    La suite de l&rsquo;article vous int\u00e9resse?<\/p>\n<p>Tout comprendre, mieux s\u2019informer: acc\u00e9dez au meilleur du journalisme suisse avec notre offre combin\u00e9e <b>Le Temps &amp; Heidi.news<\/b>. &#13;\n<\/p>\n<p>Abonnez-vous en quelques clics et payez facilement avec <b>Twint<\/b>.<\/p>\n<p>    <a class=\"button is-secondary\" data-event=\"click-&gt;clicked\" href=\"https:\/\/www.letemps.ch\/abonnements?wall_id=1\" target=\"_blank\" rel=\"noopener\">Je m\u2019abonne<\/a><\/p>\n<p class=\"post-subscribe__login\">\n        Vous avez d\u00e9j\u00e0 un compte ?<br \/>\n        <a class=\"link\" rel=\"nofollow noopener\" href=\"https:\/\/www.letemps.ch\/compte\/connexion?return_to=https%3A%2F%2Fwww.letemps.ch%2Fculture%2Farts%2Fconnectees-a-l-epoque-les-journees-photographiques-de-bienne-explorent-les-horizons-incertains\" target=\"_blank\">Se connecter<\/a>\n      <\/p>\n","protected":false},"excerpt":{"rendered":"Publi\u00e9 le 02 mai 2025 \u00e0 21:16. \/ Modifi\u00e9 le 03 mai 2025 \u00e0 16:57. 4 min. de&hellip;\n","protected":false},"author":2,"featured_media":72495,"comment_status":"","ping_status":"","sticky":false,"template":"","format":"standard","meta":{"footnotes":""},"categories":[1358],"tags":[1348,1384,1385,1386,58,59,3297,1011,27,14022,1756,301],"class_list":{"0":"post-72494","1":"post","2":"type-post","3":"status-publish","4":"format-standard","5":"has-post-thumbnail","7":"category-arts-et-design","8":"tag-arts","9":"tag-arts-and-design","10":"tag-arts-et-design","11":"tag-design","12":"tag-divertissement","13":"tag-entertainment","14":"tag-entre-temps","15":"tag-fr","16":"tag-france","17":"tag-musees-et-expositions","18":"tag-photographie","19":"tag-premium"},"share_on_mastodon":{"url":"https:\/\/pubeurope.com\/@fr\/114445536672401538","error":""},"_links":{"self":[{"href":"https:\/\/www.europesays.com\/fr\/wp-json\/wp\/v2\/posts\/72494","targetHints":{"allow":["GET"]}}],"collection":[{"href":"https:\/\/www.europesays.com\/fr\/wp-json\/wp\/v2\/posts"}],"about":[{"href":"https:\/\/www.europesays.com\/fr\/wp-json\/wp\/v2\/types\/post"}],"author":[{"embeddable":true,"href":"https:\/\/www.europesays.com\/fr\/wp-json\/wp\/v2\/users\/2"}],"replies":[{"embeddable":true,"href":"https:\/\/www.europesays.com\/fr\/wp-json\/wp\/v2\/comments?post=72494"}],"version-history":[{"count":0,"href":"https:\/\/www.europesays.com\/fr\/wp-json\/wp\/v2\/posts\/72494\/revisions"}],"wp:featuredmedia":[{"embeddable":true,"href":"https:\/\/www.europesays.com\/fr\/wp-json\/wp\/v2\/media\/72495"}],"wp:attachment":[{"href":"https:\/\/www.europesays.com\/fr\/wp-json\/wp\/v2\/media?parent=72494"}],"wp:term":[{"taxonomy":"category","embeddable":true,"href":"https:\/\/www.europesays.com\/fr\/wp-json\/wp\/v2\/categories?post=72494"},{"taxonomy":"post_tag","embeddable":true,"href":"https:\/\/www.europesays.com\/fr\/wp-json\/wp\/v2\/tags?post=72494"}],"curies":[{"name":"wp","href":"https:\/\/api.w.org\/{rel}","templated":true}]}}