{"id":72511,"date":"2025-05-03T19:32:08","date_gmt":"2025-05-03T19:32:08","guid":{"rendered":"https:\/\/www.europesays.com\/fr\/72511\/"},"modified":"2025-05-03T19:32:08","modified_gmt":"2025-05-03T19:32:08","slug":"warren-buffett-va-quitter-la-presidence-de-berkshire-hathaway","status":"publish","type":"post","link":"https:\/\/www.europesays.com\/fr\/72511\/","title":{"rendered":"Warren Buffett va quitter la pr\u00e9sidence de Berkshire Hathaway"},"content":{"rendered":"<p><strong>[Article publi\u00e9 le 3 mai 2025 \u00e0 13h59, mis \u00e0 jour \u00e0 21h09]<\/strong><\/p>\n<p>Une page se tourne. Le l\u00e9gendaire investisseur Warren Buffett a annonc\u00e9 samedi, lors de l&rsquo;assembl\u00e9e g\u00e9n\u00e9rale annuelle de Berkshire Hathaway, son intention de quitter d&rsquo;ici la fin de l&rsquo;ann\u00e9e son poste de CEO du conglom\u00e9rat qu&rsquo;il dirige depuis plusieurs d\u00e9cennies. \u00c0 94 ans, il pr\u00e9voit de proposer au conseil d&rsquo;administration la nomination de Gregory Abel, son successeur d\u00e9sign\u00e9, \u00e0 la t\u00eate de l&rsquo;entreprise. \u00ab Je resterais dans les parages et pourrais \u00e9ventuellement \u00eatre utile dans quelques situations\u00a0\u00bb, a pr\u00e9cis\u00e9 Warren Buffett.<\/p>\n<p>L&rsquo;annonce, qui n&rsquo;avait \u00e9t\u00e9 partag\u00e9e qu&rsquo;avec deux de ses enfants membres du conseil, a \u00e9t\u00e9 accueillie par une ovation nourrie de la part des actionnaires pr\u00e9sents \u00e0 Omaha, lieu de l&rsquo;assembl\u00e9e g\u00e9n\u00e9rale annuelle. Ce tournant marque la fin d&rsquo;une \u00e8re pour l&rsquo;un des piliers du capitalisme am\u00e9ricain. Sous la direction de Buffett, Berkshire Hathaway est devenu un conglom\u00e9rat pesant plus de 1 100 milliards de dollars.<\/p>\n<p>Une long\u00e9vit\u00e9 exceptionnelle dans le tumulte incessant de la finance. Soixante ans que Warren Buffett a m\u00e9tamorphos\u00e9 une obscure entreprise textile du Massachusetts en un conglom\u00e9rat tentaculaire, Berkshire Hathaway. Son assembl\u00e9e annuelle est devenue bien plus qu&rsquo;une simple r\u00e9union d&rsquo;actionnaires. C&rsquo;est un v\u00e9ritable p\u00e8lerinage, un \u00ab\u00a0Woodstock des capitalistes\u00a0\u00bb qui aimante pr\u00e8s de 40 000 personnes venues des quatre coins du globe.<\/p>\n<p>Mais\u00a0l&rsquo;\u00e9dition 2025 portait aussi l&#8217;empreinte d&rsquo;une absence douloureuse, celle de Charlie Munger, son complice et partenaire de toujours, disparu l&rsquo;an pass\u00e9. Contrairement \u00e0 l&rsquo;ann\u00e9e pr\u00e9c\u00e9dente, la soci\u00e9t\u00e9 a enregistr\u00e9 une baisse de 14 % de ses b\u00e9n\u00e9fices d&rsquo;exploitation au premier trimestre, \u00e0 9,64 milliards de dollars, contre 11,22 milliards un an plus t\u00f4t. Ce recul s&rsquo;explique principalement par une chute de pr\u00e8s de 49 % des profits dans l&rsquo;assurance, traditionnel moteur du groupe.<\/p>\n<p>Malgr\u00e9 ce contexte, Berkshire Hathaway affiche une sant\u00e9 financi\u00e8re exceptionnelle avec une tr\u00e9sorerie atteignant un niveau historique de 347 milliards de dollars, cons\u00e9quence d&rsquo;une politique de ventes massives d&rsquo;actions depuis dix trimestres cons\u00e9cutifs.<\/p>\n<p>R\u00e9duction marqu\u00e9e de la part d&rsquo;Apple et sortie totale de Paramount<\/p>\n<p>Warren Buffett a profit\u00e9 de ce contexte pour ajuster son portefeuille : il a r\u00e9duit de 13 % la participation de Berkshire dans Apple au premier trimestre, poursuivant une strat\u00e9gie de prise de profits et d&rsquo;optimisation fiscale amorc\u00e9e l&rsquo;an pass\u00e9.\u00a0Par ailleurs, il a annonc\u00e9 la cession compl\u00e8te de la participation dans Paramount, reconnaissant une perte significative sur cet investissement et tirant les le\u00e7ons d&rsquo;un secteur du divertissement en pleine mutation.<\/p>\n<p>Si la performance boursi\u00e8re de Berkshire Hathaway surpasse largement celle du S&amp;P 500 depuis le d\u00e9but de l&rsquo;ann\u00e9e (+18 % contre -3 %), la montagne de liquidit\u00e9s accumul\u00e9e pose un d\u00e9fi in\u00e9dit : comment investir de fa\u00e7on judicieuse dans un march\u00e9 o\u00f9 les\u00a0bonnes affaires\u00a0se rar\u00e9fient et \u00e0 l&rsquo;heure d&rsquo;une possible guerre commerciale ?<\/p>\n<p>Sur le th\u00e8me des droits de douane justement,\u00a0Warren Buffett a profit\u00e9 de l&rsquo;assembl\u00e9e g\u00e9n\u00e9rale pour montrer son opposition \u00e0 la strat\u00e9gie d\u00e9ploy\u00e9e par la Maison-Blanche. \u00ab Le commerce ne devrait pas \u00eatre une arme, a-t-il estim\u00e9. Je ne pense pas que ce soit juste, et je ne pense pas que ce soit judicieux. \u00bb<\/p>\n","protected":false},"excerpt":{"rendered":"[Article publi\u00e9 le 3 mai 2025 \u00e0 13h59, mis \u00e0 jour \u00e0 21h09] Une page se tourne. Le&hellip;\n","protected":false},"author":2,"featured_media":72512,"comment_status":"","ping_status":"","sticky":false,"template":"","format":"standard","meta":{"footnotes":""},"categories":[6],"tags":[17,17607,17605,35,33,34,645,1011,27,17608,3227,17606,17604],"class_list":{"0":"post-72511","1":"post","2":"type-post","3":"status-publish","4":"format-standard","5":"has-post-thumbnail","7":"category-economie","8":"tag-17","9":"tag-berkshire","10":"tag-buffett","11":"tag-business","12":"tag-economie","13":"tag-economy","14":"tag-entreprises-finance","15":"tag-fr","16":"tag-france","17":"tag-hathaway","18":"tag-presidence","19":"tag-quitter","20":"tag-warren"},"share_on_mastodon":{"url":"https:\/\/pubeurope.com\/@fr\/114445572055309218","error":""},"_links":{"self":[{"href":"https:\/\/www.europesays.com\/fr\/wp-json\/wp\/v2\/posts\/72511","targetHints":{"allow":["GET"]}}],"collection":[{"href":"https:\/\/www.europesays.com\/fr\/wp-json\/wp\/v2\/posts"}],"about":[{"href":"https:\/\/www.europesays.com\/fr\/wp-json\/wp\/v2\/types\/post"}],"author":[{"embeddable":true,"href":"https:\/\/www.europesays.com\/fr\/wp-json\/wp\/v2\/users\/2"}],"replies":[{"embeddable":true,"href":"https:\/\/www.europesays.com\/fr\/wp-json\/wp\/v2\/comments?post=72511"}],"version-history":[{"count":0,"href":"https:\/\/www.europesays.com\/fr\/wp-json\/wp\/v2\/posts\/72511\/revisions"}],"wp:featuredmedia":[{"embeddable":true,"href":"https:\/\/www.europesays.com\/fr\/wp-json\/wp\/v2\/media\/72512"}],"wp:attachment":[{"href":"https:\/\/www.europesays.com\/fr\/wp-json\/wp\/v2\/media?parent=72511"}],"wp:term":[{"taxonomy":"category","embeddable":true,"href":"https:\/\/www.europesays.com\/fr\/wp-json\/wp\/v2\/categories?post=72511"},{"taxonomy":"post_tag","embeddable":true,"href":"https:\/\/www.europesays.com\/fr\/wp-json\/wp\/v2\/tags?post=72511"}],"curies":[{"name":"wp","href":"https:\/\/api.w.org\/{rel}","templated":true}]}}