{"id":72513,"date":"2025-05-03T19:33:09","date_gmt":"2025-05-03T19:33:09","guid":{"rendered":"https:\/\/www.europesays.com\/fr\/72513\/"},"modified":"2025-05-03T19:33:09","modified_gmt":"2025-05-03T19:33:09","slug":"la-presidente-a-rejete-loffre-de-trump-denvoyer-larmee-americaine-dans-son-pays","status":"publish","type":"post","link":"https:\/\/www.europesays.com\/fr\/72513\/","title":{"rendered":"la pr\u00e9sidente a rejet\u00e9 l\u2019offre de Trump d\u2019envoyer l\u2019arm\u00e9e am\u00e9ricaine dans son pays"},"content":{"rendered":"<p>Le pr\u00e9sident r\u00e9publicain avait propos\u00e9 \u00e0 son homologue mexicaine Claudia Sheinbaum d\u2019envoyer des troupes pour lutter contre les cartels de la drogue.<\/p>\n<p class=\"fig-paragraph\">La pr\u00e9sidente mexicaine\u00a0<a href=\"http:\/\/www.lefigaro.fr\/international\/expulsions-de-masse-au-mexique-la-presidente-claudia-sheinbaum-tente-de-rassurer-sa-population-20250121\" target=\"_blank\" data-fig-type=\"Article\" rel=\"noopener nofollow\" data-gtm-custom-categorie=\"navigation\" data-gtm-custom-action=\"crossclick\" data-gtm-custom-label=\"Contextuel\" data-gtm-event=\"customEventSPE\" data-fig-domain=\"LEFIGARO\">Claudia Sheinbaum<\/a>\u00a0a d\u00e9clar\u00e9 samedi dans un discours qu\u2019elle avait rejet\u00e9 l\u2019offre de son homologue am\u00e9ricain Donald Trump d\u2019envoyer son arm\u00e9e au Mexique pour lutter contre les cartels de la drogue.<\/p>\n<p class=\"fig-paragraph\">\u00abJe lui ai dit: \u201cNon, pr\u00e9sident Trump, le territoire (du Mexique) est inviolable, la souverainet\u00e9 est inviolable, la souverainet\u00e9 n\u2019est pas \u00e0 vendre\u201d\u00bb, a-t-elle dit, faisant r\u00e9f\u00e9rence \u00e0 des informations parues dans la presse am\u00e9ricaine \u00e0 ce sujet.<\/p>\n","protected":false},"excerpt":{"rendered":"Le pr\u00e9sident r\u00e9publicain avait propos\u00e9 \u00e0 son homologue mexicaine Claudia Sheinbaum d\u2019envoyer des troupes pour lutter contre les&hellip;\n","protected":false},"author":2,"featured_media":72514,"comment_status":"","ping_status":"","sticky":false,"template":"","format":"standard","meta":{"footnotes":""},"categories":[5],"tags":[259,11,260,75,1011,27,14,5697,261,12,262,28],"class_list":{"0":"post-72513","1":"post","2":"type-post","3":"status-publish","4":"format-standard","5":"has-post-thumbnail","7":"category-international","8":"tag-actualite-internationale","9":"tag-actualites","10":"tag-affaires-etrangeres","11":"tag-donald-trump","12":"tag-fr","13":"tag-france","14":"tag-international","15":"tag-mexique","16":"tag-ministere-des-affaires-etrangeres","17":"tag-news","18":"tag-politique-etrangere","19":"tag-world"},"share_on_mastodon":{"url":"https:\/\/pubeurope.com\/@fr\/114445576221646289","error":""},"_links":{"self":[{"href":"https:\/\/www.europesays.com\/fr\/wp-json\/wp\/v2\/posts\/72513","targetHints":{"allow":["GET"]}}],"collection":[{"href":"https:\/\/www.europesays.com\/fr\/wp-json\/wp\/v2\/posts"}],"about":[{"href":"https:\/\/www.europesays.com\/fr\/wp-json\/wp\/v2\/types\/post"}],"author":[{"embeddable":true,"href":"https:\/\/www.europesays.com\/fr\/wp-json\/wp\/v2\/users\/2"}],"replies":[{"embeddable":true,"href":"https:\/\/www.europesays.com\/fr\/wp-json\/wp\/v2\/comments?post=72513"}],"version-history":[{"count":0,"href":"https:\/\/www.europesays.com\/fr\/wp-json\/wp\/v2\/posts\/72513\/revisions"}],"wp:featuredmedia":[{"embeddable":true,"href":"https:\/\/www.europesays.com\/fr\/wp-json\/wp\/v2\/media\/72514"}],"wp:attachment":[{"href":"https:\/\/www.europesays.com\/fr\/wp-json\/wp\/v2\/media?parent=72513"}],"wp:term":[{"taxonomy":"category","embeddable":true,"href":"https:\/\/www.europesays.com\/fr\/wp-json\/wp\/v2\/categories?post=72513"},{"taxonomy":"post_tag","embeddable":true,"href":"https:\/\/www.europesays.com\/fr\/wp-json\/wp\/v2\/tags?post=72513"}],"curies":[{"name":"wp","href":"https:\/\/api.w.org\/{rel}","templated":true}]}}