{"id":72515,"date":"2025-05-03T19:34:10","date_gmt":"2025-05-03T19:34:10","guid":{"rendered":"https:\/\/www.europesays.com\/fr\/72515\/"},"modified":"2025-05-03T19:34:10","modified_gmt":"2025-05-03T19:34:10","slug":"des-images-impressionnantes-et-des-degats","status":"publish","type":"post","link":"https:\/\/www.europesays.com\/fr\/72515\/","title":{"rendered":"des images impressionnantes et des d\u00e9g\u00e2ts"},"content":{"rendered":"<p>            Par<br \/>\n        <strong><br \/>\n            <a href=\"https:\/\/actu.fr\/auteur\/david-goudey\" title=\"Consulter tous les articles de David Goudey\" target=\"_blank\" rel=\"noopener\">David Goudey<\/a><br \/>\n        <\/strong><\/p>\n<p>        Publi\u00e9 le<\/p>\n<p>            3 mai 2025 \u00e0 19h49        <\/p>\n<p>Un violent orage de <b>gr\u00eale<\/b> a frapp\u00e9 les Yvelines, ce samedi 3\u00a0mai 2025, peu avant 16\u2009h. Selon de nombreux t\u00e9moignages et commentaires observ\u00e9s sur les r\u00e9seaux sociaux, photos et vid\u00e9os \u00e0 l\u2019appui, le ph\u00e9nom\u00e8ne a \u00e9t\u00e9 aussi intense que bref.<\/p>\n<p class=\" wall-content\"><a href=\"https:\/\/actu.fr\/ile-de-france\/plaisir_78490\" target=\"_blank\" rel=\"noopener\">Plaisir<\/a>, <a href=\"https:\/\/actu.fr\/ile-de-france\/les-clayes-sous-bois_78165\" target=\"_blank\" rel=\"noopener\">Les Clayes-sous-Bois<\/a>, <a href=\"https:\/\/actu.fr\/ile-de-france\/versailles_78646\" target=\"_blank\" rel=\"noopener\">Versailles<\/a>\u2026 Les secteurs victimes du passage de cette <b>supercellule<\/b>, qui s\u2019est d\u00e9plac\u00e9e ensuite vers d\u2019autres d\u00e9partements franciliens et a fait des siennes jusqu\u2019\u00e0 Paris, sont nombreux.<\/p>\n<p>Des vid\u00e9os du ph\u00e9nom\u00e8ne inondent les r\u00e9seaux sociaux<\/p>\n<p class=\" wall-content\">Une <a href=\"https:\/\/www.facebook.com\/reel\/635687296140416\" target=\"_blank\" rel=\"noopener\">vid\u00e9o publi\u00e9e<\/a> par une habitante de <a href=\"https:\/\/actu.fr\/ile-de-france\/villepreux_78674\" target=\"_blank\" rel=\"noopener\">Villepreux<\/a> sur une <a href=\"https:\/\/www.facebook.com\/MeteoNordParisien\" target=\"_blank\" rel=\"noopener\">page Facebook communautaire<\/a> d\u00e9di\u00e9e \u00e0 la m\u00e9t\u00e9o en \u00cele-de-France atteste de l\u2019<b>intensit\u00e9 <\/b>de cet \u00e9v\u00e8nement dans les Yvelines.<\/p>\n<p class=\" wall-content\"><a href=\"https:\/\/www.facebook.com\/share\/v\/1ASnAD1NRv\/\" target=\"_blank\" rel=\"noopener\">D\u2019autres images du m\u00eame acabit<\/a> ont \u00e9t\u00e9 film\u00e9es \u00e0 Plaisir et relay\u00e9es sur la <a href=\"https:\/\/www.facebook.com\/groups\/2030338773790213\/\" target=\"_blank\" rel=\"noopener\">page \u00ab\u2009Les Yvelines en photos\u2009\u00bb<\/a>. Dans un vacarme presque assourdissant, on y entend quelqu\u2019un dire\u2009: <b>\u00ab\u2009Les tomates, elles sont mortes.\u2009\u00bb<\/b><\/p>\n<p>    <a href=\"https:\/\/www.facebook.com\/plugins\/post.php?href=https%3A%2F%2Fwww.facebook.com%2FMeteoNordParisien%2Fposts%2Fpfbid09pfCAFfo4gXrRa6Csvp3GzoidPsBGEcmfHnitMTMbeqgCSFL6LzcNGU4uVJKeUQrl&amp;show_text=true&amp;width=350\" title=\"Ouvrie le lien\" target=\"_blank\" rel=\"noopener\">Cliquez ici pour visualiser le contenu<\/a><\/p>\n<p>Vid\u00e9os : en ce moment sur ActuLes sapeurs-pompiers sur le qui-vive<\/p>\n<p class=\" wall-content\">\u00c0 17\u2009h\u200930, n\u00e9anmoins, le centre op\u00e9rationnel des sapeurs-pompiers des Yvelines (Codis 78), joint par 78 actu, n\u2019avait toujours pas eu de<b> \u00ab\u2009pics d\u2019appels\u2009\u00bb <\/b>concernant cette violente averse de gr\u00eale ni encore d\u00e9clench\u00e9 d\u2019interventions.<\/p>\n<blockquote class=\"ac-article-quote wall-content\">\n<p>\u00ab\u2009Soit parce qu\u2019il n\u2019y a pas de d\u00e9g\u00e2ts, ou qui en tout cas ne n\u00e9cessitent pas le d\u00e9placement des pompiers, soit parce que les gens ne sont pas encore rentr\u00e9s chez eux. Mais on reste en alerte.\u2009\u00bb<\/p>\n<p>Le centre op\u00e9rationnel d\u2019incendie et de secours des Yvelines<\/p><\/blockquote>\n<p class=\" wall-content\">\u00c0 lire les commentaires des Yvelinois, les d\u00e9g\u00e2ts sont bien r\u00e9els. Fen\u00eatres cass\u00e9es, potagers d\u00e9truits, <b>voitures caboss\u00e9es et vitres bris\u00e9es<\/b>\u2026 Il y a fort \u00e0 parier que des agriculteurs du d\u00e9partement paieront \u00e9galement l\u2019addition\u2026<\/p>\n<p>    <a href=\"https:\/\/www.facebook.com\/plugins\/video.php?height=476&amp;href=https%3A%2F%2Fwww.facebook.com%2Falan.spade%2Fvideos%2F638054369229896%2F&amp;show_text=false&amp;width=350&amp;t=0\" title=\"Ouvrie le lien\" target=\"_blank\" rel=\"noopener\">Cliquez ici pour visualiser le contenu<\/a><\/p>\n<p>\u00ab\u2009Contrairement aux couches\u2009\u00bb, Auchan Plaisir \u00ab\u2009n\u2019est malheureusement pas 100\u2009% sans fuites\u2009!\u2009\u00bb<\/p>\n<p class=\" wall-content\">Les gr\u00ealons, qui pour certains avaient <b>la taille de balles de ping-pong ou de golf<\/b>, ont sem\u00e9 une joyeuse panique du c\u00f4t\u00e9 du Auchan de Plaisir, o\u00f9 de l\u2019eau s\u2019est d\u00e9vers\u00e9e dans les all\u00e9es du magasin. Les images publi\u00e9es par l\u2019auteur Alan Spade, avec un commentaire non d\u00e9nu\u00e9 d\u2019humour, en attestent.<\/p>\n<blockquote class=\"ac-article-quote wall-content\">\n<p>\u00ab\u2009En d\u00e9dicace chez Auchan Plaisir. Aujourd\u2019hui, orage de gr\u00eale. Contrairement aux couches de d\u00e9but de vid\u00e9o, le magasin n\u2019est malheureusement pas 100\u2009% sans fuites\u2009!\u2009\u00bb<\/p>\n<p>Alan Spade, auteur en d\u00e9dicace au Auchan de Plaisir au moment de l\u2019orage de gr\u00eale<\/p><\/blockquote>\n<p class=\" wall-content\">\u00c0 Versailles, cette riveraine, elle, a eu tr\u00e8s peur\u2009: \u00ab\u2009L\u2019horreur en cinq minutes. Bonjour les d\u00e9g\u00e2ts au 2e \u00e9tage, <b>j\u2019ai cru que mes vitres de chambre allaient \u00e9clater<\/b>.\u2009\u00bb<\/p>\n<p>    <a href=\"https:\/\/www.facebook.com\/plugins\/post.php?href=https%3A%2F%2Fwww.facebook.com%2Fnathalie.meur%2Fposts%2Fpfbid0cFRVphNgjLDLf9wLomRW2dcLEqgw1npLxXjnSQ4CjeBc6VdfXMMDusnEYQ2iBi8zl&amp;show_text=true&amp;width=350\" title=\"Ouvrie le lien\" target=\"_blank\" rel=\"noopener\">Cliquez ici pour visualiser le contenu<\/a><\/p>\n<p class=\" wall-content\">Suivez toute l\u2019actualit\u00e9 de vos villes et m\u00e9dias favoris en vous inscrivant \u00e0 <a href=\"https:\/\/moncompte.actu.fr\" title=\"D\u00e9couvez Mon Actu\" rel=\"nofollow noopener\" data-trk=\"{&quot;cta&quot;:{&quot;action&quot;:&quot;https:\\\/\\\/moncompte.actu.fr&quot;,&quot;category&quot;:&quot;mon compte&quot;,&quot;from&quot;:&quot;article footer&quot;,&quot;name&quot;:&quot;Mon actu&quot;,&quot;type&quot;:&quot;cta&quot;}}\" target=\"_blank\">Mon Actu<\/a>.<\/p>\n","protected":false},"excerpt":{"rendered":"Par David Goudey Publi\u00e9 le 3 mai 2025 \u00e0 19h49 Un violent orage de gr\u00eale a frapp\u00e9 les&hellip;\n","protected":false},"author":2,"featured_media":72516,"comment_status":"","ping_status":"","sticky":false,"template":"","format":"standard","meta":{"footnotes":""},"categories":[4],"tags":[11,1129,1011,27,2357,12,4594,52,25],"class_list":{"0":"post-72515","1":"post","2":"type-post","3":"status-publish","4":"format-standard","5":"has-post-thumbnail","7":"category-france","8":"tag-actualites","9":"tag-climat","10":"tag-fr","11":"tag-france","12":"tag-meteo-france","13":"tag-news","14":"tag-orages","15":"tag-planete","16":"tag-republique-francaise"},"share_on_mastodon":{"url":"https:\/\/pubeurope.com\/@fr\/114445580154169260","error":""},"_links":{"self":[{"href":"https:\/\/www.europesays.com\/fr\/wp-json\/wp\/v2\/posts\/72515","targetHints":{"allow":["GET"]}}],"collection":[{"href":"https:\/\/www.europesays.com\/fr\/wp-json\/wp\/v2\/posts"}],"about":[{"href":"https:\/\/www.europesays.com\/fr\/wp-json\/wp\/v2\/types\/post"}],"author":[{"embeddable":true,"href":"https:\/\/www.europesays.com\/fr\/wp-json\/wp\/v2\/users\/2"}],"replies":[{"embeddable":true,"href":"https:\/\/www.europesays.com\/fr\/wp-json\/wp\/v2\/comments?post=72515"}],"version-history":[{"count":0,"href":"https:\/\/www.europesays.com\/fr\/wp-json\/wp\/v2\/posts\/72515\/revisions"}],"wp:featuredmedia":[{"embeddable":true,"href":"https:\/\/www.europesays.com\/fr\/wp-json\/wp\/v2\/media\/72516"}],"wp:attachment":[{"href":"https:\/\/www.europesays.com\/fr\/wp-json\/wp\/v2\/media?parent=72515"}],"wp:term":[{"taxonomy":"category","embeddable":true,"href":"https:\/\/www.europesays.com\/fr\/wp-json\/wp\/v2\/categories?post=72515"},{"taxonomy":"post_tag","embeddable":true,"href":"https:\/\/www.europesays.com\/fr\/wp-json\/wp\/v2\/tags?post=72515"}],"curies":[{"name":"wp","href":"https:\/\/api.w.org\/{rel}","templated":true}]}}