{"id":72523,"date":"2025-05-03T19:38:51","date_gmt":"2025-05-03T19:38:51","guid":{"rendered":"https:\/\/www.europesays.com\/fr\/72523\/"},"modified":"2025-05-03T19:38:51","modified_gmt":"2025-05-03T19:38:51","slug":"conference-au-chevet-du-patrimoine-par-camille-andre-architecte-du-patrimoine","status":"publish","type":"post","link":"https:\/\/www.europesays.com\/fr\/72523\/","title":{"rendered":"Conf\u00e9rence Au chevet du patrimoine par Camille Andr\u00e9 architecte du patrimoine"},"content":{"rendered":"<p>Dans le cadre des Moments d\u2019art de la SLAAM (Soci\u00e9t\u00e9 lorraine des amis des arts et des mus\u00e9es), Camille Andr\u00e9, architecte du patrimoine, interviendra sur sa d\u00e9marche et son m\u00e9tier qui consiste \u00e0 identifier et \u00e9valuer les caract\u00e9ristiques d\u2019un b\u00e2ti ou d\u2019un site afin d\u2019en pr\u00e9server l\u2019authenticit\u00e9 et de les valoriser dans un projet de restauration. Elle est intervenue sur des chantiers comme ceux de l\u2019\u00e9glise Saint-Jacques de Lun\u00e9ville, la villa Majorelle de Nancy ou la r\u00e9vision et l\u2019extension du plan de sauvegarde et de mise en valeur de Strasbourg\u2026<\/p>\n<p class=\"note\">Lundi 5\u00a0mai, \u00e0 18\u00a0h\u00a030, \u00e0 la MJC Lillebonne, 14, rue du Cheval-Blanc, \u00e0 Nancy. Entr\u00e9e libre.<\/p>\n","protected":false},"excerpt":{"rendered":"Dans le cadre des Moments d\u2019art de la SLAAM (Soci\u00e9t\u00e9 lorraine des amis des arts et des mus\u00e9es),&hellip;\n","protected":false},"author":2,"featured_media":72524,"comment_status":"","ping_status":"","sticky":false,"template":"","format":"standard","meta":{"footnotes":""},"categories":[9635],"tags":[1111,11,6211,1687,1704,1777,674,1011,27,775,1702,1703,12,5486,25],"class_list":{"0":"post-72523","1":"post","2":"type-post","3":"status-publish","4":"format-standard","5":"has-post-thumbnail","7":"category-nancy","8":"tag-actu","9":"tag-actualites","10":"tag-conference","11":"tag-culture-loisirs","12":"tag-edition-nancy-et-agglomeration","13":"tag-eu","14":"tag-europe","15":"tag-fr","16":"tag-france","17":"tag-grand-est","18":"tag-nancy","19":"tag-nancy-ville-54b","20":"tag-news","21":"tag-rencontre","22":"tag-republique-francaise"},"share_on_mastodon":{"url":"https:\/\/pubeurope.com\/@fr\/114445599598131336","error":""},"_links":{"self":[{"href":"https:\/\/www.europesays.com\/fr\/wp-json\/wp\/v2\/posts\/72523","targetHints":{"allow":["GET"]}}],"collection":[{"href":"https:\/\/www.europesays.com\/fr\/wp-json\/wp\/v2\/posts"}],"about":[{"href":"https:\/\/www.europesays.com\/fr\/wp-json\/wp\/v2\/types\/post"}],"author":[{"embeddable":true,"href":"https:\/\/www.europesays.com\/fr\/wp-json\/wp\/v2\/users\/2"}],"replies":[{"embeddable":true,"href":"https:\/\/www.europesays.com\/fr\/wp-json\/wp\/v2\/comments?post=72523"}],"version-history":[{"count":0,"href":"https:\/\/www.europesays.com\/fr\/wp-json\/wp\/v2\/posts\/72523\/revisions"}],"wp:featuredmedia":[{"embeddable":true,"href":"https:\/\/www.europesays.com\/fr\/wp-json\/wp\/v2\/media\/72524"}],"wp:attachment":[{"href":"https:\/\/www.europesays.com\/fr\/wp-json\/wp\/v2\/media?parent=72523"}],"wp:term":[{"taxonomy":"category","embeddable":true,"href":"https:\/\/www.europesays.com\/fr\/wp-json\/wp\/v2\/categories?post=72523"},{"taxonomy":"post_tag","embeddable":true,"href":"https:\/\/www.europesays.com\/fr\/wp-json\/wp\/v2\/tags?post=72523"}],"curies":[{"name":"wp","href":"https:\/\/api.w.org\/{rel}","templated":true}]}}