{"id":72527,"date":"2025-05-03T19:40:09","date_gmt":"2025-05-03T19:40:09","guid":{"rendered":"https:\/\/www.europesays.com\/fr\/72527\/"},"modified":"2025-05-03T19:40:09","modified_gmt":"2025-05-03T19:40:09","slug":"la-convention-du-tatouage-se-poursuit-ce-dimanche-a-sanary","status":"publish","type":"post","link":"https:\/\/www.europesays.com\/fr\/72527\/","title":{"rendered":"La convention du tatouage se poursuit ce dimanche \u00e0 Sanary"},"content":{"rendered":"<p>Le Jardin d\u2019hiver accueille jusqu\u2019\u00e0 demain sa premi\u00e8re convention du tatouage. L\u2019occasion pour de nombreux visiteurs de d\u00e9couvrir un art qui se d\u00e9mocratise.<\/p>\n<p>\u00ab\u00a0Le tatouage n\u2019est plus l\u2019apanage des taulards ou des bikers\u00a0\u00bb, sourit Kevin Frazier, organisateur de cette convention, avec sa compagne Sandra Manucci par le biais de l\u2019association Gold D Events. En effet, si les femmes de 18 \u00e0 35 sont les plus tatou\u00e9es, les seniors sont de plus en plus nombreux \u00e0 tenter l\u2019exp\u00e9rience, et ce quel que soit le milieu social.<\/p>\n<p>\u00ab\u00a0Nous organisons ce type de convention depuis dix ans d\u00e9j\u00e0 sur La Crau. Cette ann\u00e9e, nous avons recherch\u00e9 d\u2019autres partenaires. La commune de Sanary s\u2019est rapidement positionn\u00e9e. Tout comme Le Pradet et Hy\u00e8res o\u00f9 nous serons accueillis cet automne\u00a0\u00bb, poursuit Kevin Frazier.<\/p>\n<p>Parmi les trente-cinq stands install\u00e9s ce week-end, on retrouve diff\u00e9rents styles de tatoueurs. Des sp\u00e9cialistes du portrait r\u00e9aliste, de l\u2019ornemental, de la \u00ab\u00a0dark fantasy\u00a0\u00bb, de la pop culture ou du tatouage polyn\u00e9sien, toujours tr\u00e8s populaire.<\/p>\n<p>On trouve aussi du piercing ainsi que du tatouage \u00e9ph\u00e9m\u00e8re, du pr\u00eat-\u00e0-porter et du bijou.<\/p>\n<p>Concours du meilleur tatoueur<\/p>\n<p>Avec une amplitude horaire assez large (de 10 \u00e0 21 heures), le salon offre de quoi se restaurer et s\u2019hydrater. Une tombola et un spectacle a\u00e9rien sont aussi au programme. Ainsi qu\u2019un concours pour d\u00e9partager les meilleurs tatoueurs du week-end: un d\u00e9fil\u00e9 devant jury est pr\u00e9vu en fin de journ\u00e9e.<\/p>\n<p>Comptez 80\u20ac minimum pour se faire tatouer. Le tarif varie ensuite selon le mod\u00e8le choisi et le temps pass\u00e9.<\/p>\n<p>\u00ab\u00a0Ce type d\u2019\u00e9v\u00e9nement est tr\u00e8s agr\u00e9able. On privil\u00e9gie les mod\u00e8les faciles et rapides \u00e0 ex\u00e9cuter mais on \u00e9tudie tous les projets\u00a0\u00bb, pr\u00e9cise Mel, tatoueuse bas\u00e9e \u00e0 Golfe Juan (Electric Lady Land).<\/p>\n<p>Et pour ceux qui redoutent la douleur, Joel, \u00e0 qui l\u2019on encre tout le haut de la cuisse, explique: \u00ab\u00a0Les mains sont une zone tr\u00e8s sensible. Pour le reste, on s\u2019habitue avec le temps\u00a0\u00bb.<\/p>\n<p>Jusqu\u2019\u00e0 ce soir, 21 heures, au Jardin d\u2019hiver de Sanary, 4303 ancien chemin de Toulon. <br \/>&#13;<br \/>\nEntr\u00e9e: 5\u20ac (gratuit pour les moins de 14 ans).<\/p>\n","protected":false},"excerpt":{"rendered":"Le Jardin d\u2019hiver accueille jusqu\u2019\u00e0 demain sa premi\u00e8re convention du tatouage. L\u2019occasion pour de nombreux visiteurs de d\u00e9couvrir&hellip;\n","protected":false},"author":2,"featured_media":72528,"comment_status":"","ping_status":"","sticky":false,"template":"","format":"standard","meta":{"footnotes":""},"categories":[9619],"tags":[1111,11,1777,674,1011,27,12,882,25,2310,3366],"class_list":{"0":"post-72527","1":"post","2":"type-post","3":"status-publish","4":"format-standard","5":"has-post-thumbnail","7":"category-toulon","8":"tag-actu","9":"tag-actualites","10":"tag-eu","11":"tag-europe","12":"tag-fr","13":"tag-france","14":"tag-news","15":"tag-provence-alpes-cote-dazur","16":"tag-republique-francaise","17":"tag-toulon","18":"tag-vie-locale"},"share_on_mastodon":{"url":"https:\/\/pubeurope.com\/@fr\/114445603522811620","error":""},"_links":{"self":[{"href":"https:\/\/www.europesays.com\/fr\/wp-json\/wp\/v2\/posts\/72527","targetHints":{"allow":["GET"]}}],"collection":[{"href":"https:\/\/www.europesays.com\/fr\/wp-json\/wp\/v2\/posts"}],"about":[{"href":"https:\/\/www.europesays.com\/fr\/wp-json\/wp\/v2\/types\/post"}],"author":[{"embeddable":true,"href":"https:\/\/www.europesays.com\/fr\/wp-json\/wp\/v2\/users\/2"}],"replies":[{"embeddable":true,"href":"https:\/\/www.europesays.com\/fr\/wp-json\/wp\/v2\/comments?post=72527"}],"version-history":[{"count":0,"href":"https:\/\/www.europesays.com\/fr\/wp-json\/wp\/v2\/posts\/72527\/revisions"}],"wp:featuredmedia":[{"embeddable":true,"href":"https:\/\/www.europesays.com\/fr\/wp-json\/wp\/v2\/media\/72528"}],"wp:attachment":[{"href":"https:\/\/www.europesays.com\/fr\/wp-json\/wp\/v2\/media?parent=72527"}],"wp:term":[{"taxonomy":"category","embeddable":true,"href":"https:\/\/www.europesays.com\/fr\/wp-json\/wp\/v2\/categories?post=72527"},{"taxonomy":"post_tag","embeddable":true,"href":"https:\/\/www.europesays.com\/fr\/wp-json\/wp\/v2\/tags?post=72527"}],"curies":[{"name":"wp","href":"https:\/\/api.w.org\/{rel}","templated":true}]}}