{"id":72537,"date":"2025-05-03T19:48:08","date_gmt":"2025-05-03T19:48:08","guid":{"rendered":"https:\/\/www.europesays.com\/fr\/72537\/"},"modified":"2025-05-03T19:48:08","modified_gmt":"2025-05-03T19:48:08","slug":"deux-hommes-blesses-par-balles-au-cours-dune-fusillade-trois-interpellations","status":"publish","type":"post","link":"https:\/\/www.europesays.com\/fr\/72537\/","title":{"rendered":"deux hommes bless\u00e9s par balles au cours d\u2019une fusillade, trois interpellations"},"content":{"rendered":"<p>La fusillade a eu lieu dans le quartier populaire de Villejean. Un \u00e9change de tirs avait d\u00e9j\u00e0 eu lieu au m\u00eame endroit deux semaines plus t\u00f4t, sur fond de trafic de drogue.<\/p>\n<p class=\"fig-paragraph\">Deux hommes ont \u00e9t\u00e9 bless\u00e9s le 3 mai par balles \u00e0 Rennes,\u00a0<a href=\"http:\/\/www.lefigaro.fr\/faits-divers\/fusillade-a-rennes-les-quatre-suspects-mis-en-examen-et-ecroues-20250422\" target=\"_blank\" data-fig-type=\"NewsFlash\" rel=\"noopener\" data-gtm-custom-categorie=\"navigation\" data-gtm-custom-action=\"crossclick\" data-gtm-custom-label=\"Contextuel\" data-gtm-event=\"customEventSPE\" data-fig-domain=\"LEFIGARO\">dans le quartier populaire de Villejean<\/a>, l\u00e0 o\u00f9 a eu lieu une fusillade le 17 avril sur fond de trafic de drogue, et trois personnes ont \u00e9t\u00e9 interpell\u00e9es, a-t-on appris de source proche du dossier.<\/p>\n<p class=\"fig-paragraph\">\u00abVers 18h30, trois hommes ont tir\u00e9 sur la dalle Kennedy de Villejean. Il y a deux bless\u00e9s par balles, un en urgence absolue et le second en urgence relative. Il y a eu trois interpellations\u00bb, a indiqu\u00e9 cette source proche du dossier, confirmant une information du journal Ouest-France. Contact\u00e9, le parquet de Rennes n&rsquo;a pas donn\u00e9 suite dans l&rsquo;imm\u00e9diat.<\/p>\n<p class=\"fig-paragraph\"><a href=\"https:\/\/www.ouest-france.fr\/faits-divers\/fusillade\/nouvel-episode-de-tirs-a-rennes-deux-jeunes-hommes-blesses-par-balles-dont-un-en-urgence-absolue-d13516e8-2849-11f0-b7b8-37276f4d776e\" target=\"_blank\" rel=\"nofollow noopener\" data-gtm-custom-categorie=\"navigation\" data-gtm-custom-action=\"crossclick\" data-gtm-custom-label=\"Contextuel\" data-gtm-event=\"customEventSPE\">D&rsquo;apr\u00e8s Ouest-France<\/a>, deux jeunes hommes \u00abont \u00e9t\u00e9 bless\u00e9s par balles pr\u00e8s d&rsquo;un point de deal (&#8230;) lors de tirs apparemment cibl\u00e9s. L&rsquo;un \u00e2g\u00e9 de 17 ans, retrouv\u00e9 sur place, a \u00e9t\u00e9 bless\u00e9 par balle \u00e0 la cuisse et se trouve en urgence absolue. Un second jeune homme, \u00e2g\u00e9 de 16 ans, a \u00e9t\u00e9 retrouv\u00e9 devant le Subway de la dalle Kennedy, apr\u00e8s avoir re\u00e7u une balle dans le genou\u00bb. C&rsquo;est pr\u00e9cis\u00e9ment dans cette sandwicherie Subway qu&rsquo;une fusillade avait \u00e9clat\u00e9e le 17 avril, faisant trois bless\u00e9s par balles.<\/p>\n<p class=\"fig-paragraph\">Samedi soir, Charles Compagnon, \u00e9lu municipal (Horizons), qui se trouvait fortuitement dans le Subway lors de la fusillade en avril, a r\u00e9agi \u00e0 ces tirs \u00e0 Villejean, quartier populaire o\u00f9 se trouve un important campus universitaire.<\/p>\n<p class=\"fig-paragraph\">\u00abCe soir encore, le quartier de Villejean a \u00e9t\u00e9 frapp\u00e9 par la violence. Aux alentours de 18h30, la dalle Kennedy, d\u00e9j\u00e0 \u00e9prouv\u00e9e il y a quelques semaines, a \u00e9t\u00e9 le th\u00e9\u00e2tre de nouveaux \u00e9changes de tirs. Un homme a \u00e9t\u00e9 bless\u00e9 par balle. La police (&#8230;) a proc\u00e9d\u00e9 \u00e0 trois interpellations\u00bb, a \u00e9crit l&rsquo;\u00e9lu sur le r\u00e9seau social X.<\/p>\n","protected":false},"excerpt":{"rendered":"La fusillade a eu lieu dans le quartier populaire de Villejean. Un \u00e9change de tirs avait d\u00e9j\u00e0 eu&hellip;\n","protected":false},"author":2,"featured_media":72538,"comment_status":"","ping_status":"","sticky":false,"template":"","format":"standard","meta":{"footnotes":""},"categories":[2821],"tags":[119,1111,11,3694,829,271,2951,3695,1777,674,3696,118,1011,27,2825,1253,303,12,1072,2694,584,25,2949],"class_list":{"0":"post-72537","1":"post","2":"type-post","3":"status-publish","4":"format-standard","5":"has-post-thumbnail","7":"category-rennes","8":"tag-accident","9":"tag-actu","10":"tag-actualites","11":"tag-affaires","12":"tag-bretagne","13":"tag-crime","14":"tag-criminalite","15":"tag-enquetes","16":"tag-eu","17":"tag-europe","18":"tag-evenements","19":"tag-faits-divers","20":"tag-fr","21":"tag-france","22":"tag-insecurite","23":"tag-islamisme","24":"tag-justice","25":"tag-news","26":"tag-police","27":"tag-proces","28":"tag-rennes","29":"tag-republique-francaise","30":"tag-violences"},"share_on_mastodon":{"url":"https:\/\/pubeurope.com\/@fr\/114445635066186202","error":""},"_links":{"self":[{"href":"https:\/\/www.europesays.com\/fr\/wp-json\/wp\/v2\/posts\/72537","targetHints":{"allow":["GET"]}}],"collection":[{"href":"https:\/\/www.europesays.com\/fr\/wp-json\/wp\/v2\/posts"}],"about":[{"href":"https:\/\/www.europesays.com\/fr\/wp-json\/wp\/v2\/types\/post"}],"author":[{"embeddable":true,"href":"https:\/\/www.europesays.com\/fr\/wp-json\/wp\/v2\/users\/2"}],"replies":[{"embeddable":true,"href":"https:\/\/www.europesays.com\/fr\/wp-json\/wp\/v2\/comments?post=72537"}],"version-history":[{"count":0,"href":"https:\/\/www.europesays.com\/fr\/wp-json\/wp\/v2\/posts\/72537\/revisions"}],"wp:featuredmedia":[{"embeddable":true,"href":"https:\/\/www.europesays.com\/fr\/wp-json\/wp\/v2\/media\/72538"}],"wp:attachment":[{"href":"https:\/\/www.europesays.com\/fr\/wp-json\/wp\/v2\/media?parent=72537"}],"wp:term":[{"taxonomy":"category","embeddable":true,"href":"https:\/\/www.europesays.com\/fr\/wp-json\/wp\/v2\/categories?post=72537"},{"taxonomy":"post_tag","embeddable":true,"href":"https:\/\/www.europesays.com\/fr\/wp-json\/wp\/v2\/tags?post=72537"}],"curies":[{"name":"wp","href":"https:\/\/api.w.org\/{rel}","templated":true}]}}