{"id":72541,"date":"2025-05-03T19:50:17","date_gmt":"2025-05-03T19:50:17","guid":{"rendered":"https:\/\/www.europesays.com\/fr\/72541\/"},"modified":"2025-05-03T19:50:17","modified_gmt":"2025-05-03T19:50:17","slug":"apres-les-bouchons-du-1er-mai-jean-philippe-vetter-deplore-un-echec-patent","status":"publish","type":"post","link":"https:\/\/www.europesays.com\/fr\/72541\/","title":{"rendered":"apr\u00e8s les bouchons du 1er mai, Jean-Philippe Vetter d\u00e9plore \u00ab\u00a0un \u00e9chec patent\u00a0\u00bb"},"content":{"rendered":"<p>Soleil, jour f\u00e9ri\u00e9 et\u00a0<a href=\"https:\/\/www.dna.fr\/culture-loisirs\/2025\/05\/01\/a-pourtales-des-fleurs-par-milliers-pour-les-restos-bebes-du-coeur\" target=\"_blank\" rel=\"nofollow noopener\">march\u00e9 aux plantes et aux fleurs<\/a> ont amen\u00e9 pas mal de v\u00e9hicules, jeudi 1er mai, sur l&rsquo;axe de la rue M\u00e9lanie menant au parc du ch\u00e2teau de Pourtal\u00e8s, \u00e0 Strasbourg. Au point que de s\u00e9rieuses difficult\u00e9s de circulation y ont \u00e9t\u00e9 relev\u00e9es \u00e0 certains moments de la journ\u00e9e, donnant au passage du grain \u00e0 moudre <a href=\"https:\/\/www.dna.fr\/politique\/2025\/03\/26\/piste-cyclable-rue-melanie-elle-est-dangereuse-et-nuisible-selon-des-riverains-qui-ne-decolerent-pas\" target=\"_blank\" rel=\"nofollow noopener\">aux d\u00e9tracteurs de la nouvelle piste cyclable<\/a> cr\u00e9\u00e9e sur la voie et rendant complexe le croisement de deux v\u00e9hicules. Les r\u00e9seaux sociaux, notamment s&rsquo;en sont largement fait l&rsquo;\u00e9cho.<\/p>\n<p>Jean-Philippe Vetter, devant les embouteillages en ce point strat\u00e9gique de la Robertsau \u2013 \u00ab\u00a0il a fallu parfois plus de 30 minutes pour parcourir 300 m\u00e8tres\u00a0\u00bb, rappelle l\u2019\u00e9lu LR \u2013 appelle ainsi Jeanne Barseghian \u00e0 \u00ab\u00a0revenir sur cet am\u00e9nagement et \u00e0 prendre les mesures n\u00e9cessaires pour r\u00e9tablir un minimum de bon sens et de fluidit\u00e9 [sur l\u2019axe]. En effet, l\u2019am\u00e9nagement actuel est un \u00e9chec patent. \u00bb<\/p>\n<p>Ce contenu est bloqu\u00e9 car vous n&rsquo;avez pas accept\u00e9 les cookies et autres traceurs.<\/p>\n<p>En cliquant sur \u00ab J\u2019accepte \u00bb, les cookies et autres traceurs seront d\u00e9pos\u00e9s et vous pourrez visualiser les contenus  (<a href=\"\" class=\"consentModule_policy\" target=\"_blank\" title=\"Consulter la politique de protection des donn\u00e9es du fournisseur\">plus d&rsquo;informations<\/a>).<\/p>\n<p>En cliquant sur \u00ab J\u2019accepte tous les cookies \u00bb, vous autorisez des d\u00e9p\u00f4ts de cookies et autres traceurs pour le stockage de vos donn\u00e9es sur nos sites et applications \u00e0 des fins de personnalisation et de ciblage publicitaire.<\/p>\n<p class=\"consentModule_secondaryText\">Vous gardez la possibilit\u00e9 de retirer votre consentement \u00e0 tout moment en consultant notre <a href=\"https:\/\/www.dna.fr\/protection-des-donnees\" target=\"_blank\" title=\"Consulter notre politique de protection des donn\u00e9es\" rel=\"nofollow noopener\">politique de protection des donn\u00e9es<\/a>. <br \/>&#13;<br \/>\n            <a href=\"https:\/\/www.dna.fr\/politique\/2025\/05\/03\/javascript:Didomi.notice.show()\" class=\"consentModule_cmp\" rel=\"nofollow noopener\" target=\"_blank\">G\u00e9rer mes choix<\/a>&#13;\n        <\/p>\n<p>&#13;<br \/>\n                        J&rsquo;accepte&#13;<br \/>\n            J&rsquo;accepte tous les cookies&#13;\n        <\/p>\n<p>\u00ab\u00a0Deux pistes cyclables surdimensionn\u00e9es emp\u00eachent d\u00e9sormais le croisement de deux v\u00e9hicules. Les automobilistes doivent s\u2019en remettre \u00e0 de rares zones de d\u00e9port, et lorsqu\u2019elles sont d\u00e9j\u00e0 occup\u00e9es, ils n\u2019ont d\u2019autre choix que d\u2019emprunter les pistes cyclables. R\u00e9sultat\u00a0: une situation chaotique qui accro\u00eet les tensions entre usagers, d\u00e9grade la s\u00e9curit\u00e9 des cyclistes et aggrave les nuisances pour les riverains (bruit, pollution, stress)\u00a0\u00bb, avance <a href=\"https:\/\/www.dna.fr\/economie\/2025\/03\/28\/vetter-(lr)-demande-aux-commercants-de-s-inscrire-a-strasbourg-pour-voter-(pour-lui)\" target=\"_blank\" rel=\"nofollow noopener\">Jean-Philippe Vetter<\/a> , qui d\u00e9nonce un \u00e9chec tant technique que d\u00e9mocratique.<\/p>\n","protected":false},"excerpt":{"rendered":"Soleil, jour f\u00e9ri\u00e9 et\u00a0march\u00e9 aux plantes et aux fleurs ont amen\u00e9 pas mal de v\u00e9hicules, jeudi 1er mai,&hellip;\n","protected":false},"author":2,"featured_media":72542,"comment_status":"","ping_status":"","sticky":false,"template":"","format":"standard","meta":{"footnotes":""},"categories":[2820],"tags":[1111,11,2389,2649,1984,2880,1777,674,107,1011,27,775,12,316,25,640,2879],"class_list":{"0":"post-72541","1":"post","2":"type-post","3":"status-publish","4":"format-standard","5":"has-post-thumbnail","7":"category-strasbourg","8":"tag-actu","9":"tag-actualites","10":"tag-alsace","11":"tag-bas-rhin","12":"tag-conseil-municipal","13":"tag-edition-strasbourg","14":"tag-eu","15":"tag-europe","16":"tag-fil-info","17":"tag-fr","18":"tag-france","19":"tag-grand-est","20":"tag-news","21":"tag-politique","22":"tag-republique-francaise","23":"tag-strasbourg","24":"tag-strasbourg-ville"},"share_on_mastodon":{"url":"https:\/\/pubeurope.com\/@fr\/114445642909223129","error":""},"_links":{"self":[{"href":"https:\/\/www.europesays.com\/fr\/wp-json\/wp\/v2\/posts\/72541","targetHints":{"allow":["GET"]}}],"collection":[{"href":"https:\/\/www.europesays.com\/fr\/wp-json\/wp\/v2\/posts"}],"about":[{"href":"https:\/\/www.europesays.com\/fr\/wp-json\/wp\/v2\/types\/post"}],"author":[{"embeddable":true,"href":"https:\/\/www.europesays.com\/fr\/wp-json\/wp\/v2\/users\/2"}],"replies":[{"embeddable":true,"href":"https:\/\/www.europesays.com\/fr\/wp-json\/wp\/v2\/comments?post=72541"}],"version-history":[{"count":0,"href":"https:\/\/www.europesays.com\/fr\/wp-json\/wp\/v2\/posts\/72541\/revisions"}],"wp:featuredmedia":[{"embeddable":true,"href":"https:\/\/www.europesays.com\/fr\/wp-json\/wp\/v2\/media\/72542"}],"wp:attachment":[{"href":"https:\/\/www.europesays.com\/fr\/wp-json\/wp\/v2\/media?parent=72541"}],"wp:term":[{"taxonomy":"category","embeddable":true,"href":"https:\/\/www.europesays.com\/fr\/wp-json\/wp\/v2\/categories?post=72541"},{"taxonomy":"post_tag","embeddable":true,"href":"https:\/\/www.europesays.com\/fr\/wp-json\/wp\/v2\/tags?post=72541"}],"curies":[{"name":"wp","href":"https:\/\/api.w.org\/{rel}","templated":true}]}}