{"id":72549,"date":"2025-05-03T19:54:13","date_gmt":"2025-05-03T19:54:13","guid":{"rendered":"https:\/\/www.europesays.com\/fr\/72549\/"},"modified":"2025-05-03T19:54:13","modified_gmt":"2025-05-03T19:54:13","slug":"un-film-sur-de-ligonnes-un-aeroport-de-nantes-qui-ne-rapporte-rien-les-echos-de-presse","status":"publish","type":"post","link":"https:\/\/www.europesays.com\/fr\/72549\/","title":{"rendered":"Un film sur De Ligonn\u00e8s, un a\u00e9roport de Nantes qui ne rapporte rien\u2026\u00a0: les \u00e9chos de Presse"},"content":{"rendered":"<p>Film<\/p>\n<p>On en viendrait presque \u00e0 penser que l\u2019affaire Dupont de Ligonn\u00e8s est devenue un filon. <a href=\"https:\/\/nantes.maville.com\/actu\/actudet_-dupont-de-ligonnes-un-nouvel-emballement-_8-6785484_actu.Htm\" target=\"_blank\" rel=\"noopener\">Alors que l\u2019influenceur Aqababe a lanc\u00e9 une qu\u00eate en ligne<\/a> pour retrouver l\u2019homme soup\u00e7onn\u00e9 d\u2019avoir tu\u00e9 son \u00e9pouse et ses quatre enfants \u00e0 Nantes, un film est en cours de tournage. Non sur le fait divers en lui-m\u00eame mais sur Guy Joao. Un paisible retrait\u00e9 qui se rendait en Ecosse pour retrouver sa compagne et que les enqu\u00eateurs ont pens\u00e9 \u00eatre Xavier Dupont de Ligonn\u00e8s. \u00c0 la r\u00e9alisation, G\u00e9rard Jugnot. Les plus cin\u00e9philes se rappelleront qu\u2019en 2024 d\u00e9j\u00e0 sortait dans les salles obscures Les Pistolets en plastique, librement inspir\u00e9 de l\u2019affaire.<\/p>\n<p><a href=\"https:\/\/nantes.maville.com\/actu\/actudet_-un-influenceur-pretend-avoir-retrouve-la-trace-de-xavier-dupont-de-ligonnes-le-procureur-reagit-_8-6784208_actu.Htm\" target=\"_blank\" rel=\"noopener\"> <strong>?LIRE AUSSI.\u00a0Un influenceur pr\u00e9tend avoir retrouv\u00e9 la trace de Xavier Dupont de Ligonn\u00e8s\u00a0: le procureur r\u00e9agit<\/strong> <\/a><\/p>\n<p>\u00c0 fonds perdu<\/p>\n<p><a href=\"https:\/\/rennes.maville.com\/actu\/actudet_-vols-a-bas-couts-easyjet-augmente-son-offre-a-l-aeroport-de-nantes-_8-6787777_actu.Htm\" target=\"_blank\" rel=\"noopener\">Pr\u00e9sent mercredi \u00e0 Nantes Atlantique pour les six ans de la base d\u2019easyJet<\/a>, Nicolas Notebaert, le patron de Vinci airports, a expliqu\u00e9 que depuis qu\u2019elle l\u2019exploite, en 2011, l\u2019entreprise \u00a0n\u2019a pas gagn\u00e9 un sou avec cet a\u00e9roport\u00a0. Sur la m\u00eame p\u00e9riode, elle y a malgr\u00e9 tout investi \u00a080\u00a0millions d\u2019euros, dont 40\u00a0sur les deux derni\u00e8res ann\u00e9es\u00a0. Sans que cela ne lui rapporte rien, donc. Dans ces conditions, on se demande bien pourquoi le leader mondial est candidat au renouvellement de sa concession \u00e0 Nantes, \u00e0 l\u2019horizon 2026.<\/p>\n<p>Frap direct<\/p>\n<p>\t<img decoding=\"async\" src=\"https:\/\/www.europesays.com\/fr\/wp-content\/uploads\/2025\/05\/P35205989D6791388G_px_640_.jpg\" alt=\"photo .  \u00a9  frap\" width=\"640\" title=\" .   Frap \"\/><\/p>\n<p class=\"elmt-legende\"> .   Frap <\/p>\n<p>Carbone<\/p>\n<p>\u00c0 cette m\u00eame occasion, le directeur d\u2019easyJet pour la France a mis en avant \u00a0les gros efforts\u00a0 consentis par la compagnie low-cost britannique pour r\u00e9duire ses \u00e9missions de carbone. Notamment gr\u00e2ce au renouvellement de sa flotte avec des Airbus A320neo, plus \u00e9conomes en carburant et 50\u00a0% plus silencieux. Reste que pour l\u2019heure, les quatre avions d\u2019easyJet bas\u00e9s \u00e0 Nantes sont des vieux A320, de l\u2019ancienne g\u00e9n\u00e9ration. Les riverains de l\u2019a\u00e9roport vont devoir patienter<a href=\"https:\/\/nantes.maville.com\/actu\/actudet_-la-chevroliere.-trafic-aerien-les-citoyens-ne-sont-pas-rassures-_8-6789077_actu.Htm\" target=\"_blank\" rel=\"noopener\">. Il est vrai qu\u2019ils ont l\u2019habitude.<\/a><\/p>\n<p>Bless\u00e9e<\/p>\n<p>Le 11\u00a0mai 2025, Bouvron c\u00e9l\u00e9brera le 80e anniversaire de la Poche de Saint-Nazaire. Une zone de r\u00e9sistance allemande constitu\u00e9e en ao\u00fbt\u00a01944 sur les deux rives de l\u2019estuaire pour prot\u00e9ger la base sous-marine. Mais dans le Pays de Retz, dont 11\u00a0communes \u00e9taient concern\u00e9es,\u00a0il y a une m\u00e9moire bless\u00e9e\u00a0, constate l\u2019historien vertavien Michel Gautier. \u00a0Pour en entendre parler, il a fallu attendre les ann\u00e9es 2000 quand avec Luc Braeuer (ndlr\u00a0: cocr\u00e9ateur du Mus\u00e9e du Grand Blockhaus \u00e0 Batz-sur-Mer, on a commenc\u00e9 \u00e0 s\u2019y int\u00e9resser\u00a0.<\/p>\n<p><a href=\"https:\/\/nantes.maville.com\/actu\/actudet_-six-choses-a-savoir-sur-les-festivites-des-80-ans-de-la-liberation-de-la-poche-de-saint-nazaire-_8-6761162_actu.Htm\" target=\"_blank\" rel=\"noopener\"> <strong>?LIRE AUSSI.\u00a0Six choses \u00e0 savoir sur les festivit\u00e9s des 80\u00a0ans de la lib\u00e9ration de la Poche de Saint-Nazaire<\/strong> <\/a><\/p>\n<p>Le slogan qui passe mal<\/p>\n<p>Lors de la manifestation du 1er-Mai, un slogan visait le pr\u00e9fet de Loire-Atlantique en des termes peu \u00e9logieux que certains qualifieront m\u00eame de mena\u00e7ants et d\u2019injurieux. Raison pour laquelle la pr\u00e9fecture a annonc\u00e9 qu\u2019elle comptait d\u00e9poser plainte pour les d\u00e9gradations et les tags contre le repr\u00e9sentant de l\u2019\u00c9tat. Le ou les auteurs n\u2019ont pas encore \u00e9t\u00e9 identifi\u00e9s mais on ne peut que leur conseiller de suivre un stage de citoyennet\u00e9, histoire de faire passer leur message sans risquer la garde \u00e0 vue.<\/p>\n<p><a href=\"https:\/\/nantes.maville.com\/actu\/actudet_-defile-du-1er-mai-a-nantes-trois-syndicats-pointent-l-attitude-des-forces-de-l-ordre-_8-6789940_actu.Htm\" target=\"_blank\" rel=\"noopener\"> <strong>?LIRE AUSSI.\u00a0D\u00e9fil\u00e9 du 1er-Mai \u00e0 Nantes\u00a0: trois syndicats pointent l\u2019attitude des forces de l\u2019ordre<\/strong> <\/a><\/p>\n<p>\u00a0<\/p>\n","protected":false},"excerpt":{"rendered":"Film On en viendrait presque \u00e0 penser que l\u2019affaire Dupont de Ligonn\u00e8s est devenue un filon. Alors que&hellip;\n","protected":false},"author":2,"featured_media":72550,"comment_status":"","ping_status":"","sticky":false,"template":"","format":"standard","meta":{"footnotes":""},"categories":[2818],"tags":[1111,11,663,17611,1777,674,2081,1011,27,17609,766,12,12517,2636,4048,17610,25],"class_list":{"0":"post-72549","1":"post","2":"type-post","3":"status-publish","4":"format-standard","5":"has-post-thumbnail","7":"category-nantes","8":"tag-actu","9":"tag-actualites","10":"tag-aeroport","11":"tag-echos","12":"tag-eu","13":"tag-europe","14":"tag-film","15":"tag-fr","16":"tag-france","17":"tag-ligonnes","18":"tag-nantes","19":"tag-news","20":"tag-ocean","21":"tag-pays-de-la-loire","22":"tag-presse","23":"tag-rapporte","24":"tag-republique-francaise"},"share_on_mastodon":{"url":"https:\/\/pubeurope.com\/@fr\/114445658671308173","error":""},"_links":{"self":[{"href":"https:\/\/www.europesays.com\/fr\/wp-json\/wp\/v2\/posts\/72549","targetHints":{"allow":["GET"]}}],"collection":[{"href":"https:\/\/www.europesays.com\/fr\/wp-json\/wp\/v2\/posts"}],"about":[{"href":"https:\/\/www.europesays.com\/fr\/wp-json\/wp\/v2\/types\/post"}],"author":[{"embeddable":true,"href":"https:\/\/www.europesays.com\/fr\/wp-json\/wp\/v2\/users\/2"}],"replies":[{"embeddable":true,"href":"https:\/\/www.europesays.com\/fr\/wp-json\/wp\/v2\/comments?post=72549"}],"version-history":[{"count":0,"href":"https:\/\/www.europesays.com\/fr\/wp-json\/wp\/v2\/posts\/72549\/revisions"}],"wp:featuredmedia":[{"embeddable":true,"href":"https:\/\/www.europesays.com\/fr\/wp-json\/wp\/v2\/media\/72550"}],"wp:attachment":[{"href":"https:\/\/www.europesays.com\/fr\/wp-json\/wp\/v2\/media?parent=72549"}],"wp:term":[{"taxonomy":"category","embeddable":true,"href":"https:\/\/www.europesays.com\/fr\/wp-json\/wp\/v2\/categories?post=72549"},{"taxonomy":"post_tag","embeddable":true,"href":"https:\/\/www.europesays.com\/fr\/wp-json\/wp\/v2\/tags?post=72549"}],"curies":[{"name":"wp","href":"https:\/\/api.w.org\/{rel}","templated":true}]}}