{"id":72551,"date":"2025-05-03T19:55:34","date_gmt":"2025-05-03T19:55:34","guid":{"rendered":"https:\/\/www.europesays.com\/fr\/72551\/"},"modified":"2025-05-03T19:55:34","modified_gmt":"2025-05-03T19:55:34","slug":"fc-nantes-face-au-sco-le-retour-de-coquelin-labsence-delia-sport","status":"publish","type":"post","link":"https:\/\/www.europesays.com\/fr\/72551\/","title":{"rendered":"FC Nantes. Face au SCO, le retour de Coquelin, l\u2019absence d\u2019Elia . Sport"},"content":{"rendered":"<p><a href=\"https:\/\/nantes.maville.com\/sport\/detail_-ligue-1.-montee-maintien-ces-matches-entre-le-fc-nantes-et-angers-sco-qui-ont-ete-decisifs-_52716-6791543_actu.Htm\" target=\"_self\" rel=\"noopener\">C\u2019est un derby entre deux concurrents directs<\/a> pour le maintien en Ligue 1, \u00e0 \u00e9galit\u00e9 de points. Si Angers, englu\u00e9 dans une spirale n\u00e9gative, dispose d\u2019une derni\u00e8re chance pour accrocher le bon wagon, le <a href=\"https:\/\/www.ouest-france.fr\/sport\/football\/fc-nantes\/\" target=\"_self\" rel=\"noopener\">FC Nantes<\/a> peut valider, d\u00e8s ce dimanche, son billet pour la saison prochaine, sans attendre le d\u00e9placement \u00e0 Auxerre ou la r\u00e9ception de Montpellier.<\/p>\n<p><strong>\u00ab\u00a0Dans le meilleur des mondes, on aimerait que dimanche \u00e7a soit fini et qu\u2019on passe \u00e0 autre chose,<\/strong> a reconnu l\u2019entra\u00eeneur nantais. <strong>Mais le foot, ce n\u2019est pas comme \u00e7a. En face, il y a des joueurs qui jouent aussi leur avenir. Si ce n\u2019est pas dimanche, il y a samedi, apr\u00e8s. Tout est possible, on s\u2019est pr\u00e9par\u00e9 \u00e0 jouer les barrages aussi.\u00a0\u00bb<\/strong><\/p>\n<p>Pour cette rencontre, <a href=\"https:\/\/angers.maville.com\/sport\/detail_-fc-nantes-angers-sco.-louis-leroux-le-nantais-qui-a-fait-ses-classes-dans-le-maine-et-loire-_52728-6791015_actu.Htm\" target=\"_self\" rel=\"noopener\">l\u2019entra\u00eeneur du FC Nantes a convoqu\u00e9 un groupe de 20\u00a0joueurs<\/a>. Il sera priv\u00e9 de Douglas Augusto et Marcus Coco, tous les deux suspendus. Il ne pourra aussi compter sur Meschack Elia en sortie de banc, forfait de derni\u00e8re minute. Francis Coquelin effectue son retour dans le groupe, apr\u00e8s avoir r\u00e9alis\u00e9 une semaine compl\u00e8te d\u2019entra\u00eenements.<\/p>\n<p><strong> <br \/>Le groupe nantais.<\/strong> Lopes, Carlgren- Amian, Centonze, Castelletto, Z\u00e9z\u00e9, Pallois, Cozza &#8211; Chirivella, Lepenant, Leroux, Coquelin, Thomas, Mollet, Tabibou &#8211; Abline, Simon, Mohamed, Guirassy, Kadewere<\/p>\n<p>\u00a0<\/p>\n","protected":false},"excerpt":{"rendered":"C\u2019est un derby entre deux concurrents directs pour le maintien en Ligue 1, \u00e0 \u00e9galit\u00e9 de points. Si&hellip;\n","protected":false},"author":2,"featured_media":72552,"comment_status":"","ping_status":"","sticky":false,"template":"","format":"standard","meta":{"footnotes":""},"categories":[2818],"tags":[1111,11,3809,1465,1777,674,63,1011,27,1792,1922,766,12,2636,25,479,517,3165,1470],"class_list":{"0":"post-72551","1":"post","2":"type-post","3":"status-publish","4":"format-standard","5":"has-post-thumbnail","7":"category-nantes","8":"tag-actu","9":"tag-actualites","10":"tag-ball","11":"tag-basket","12":"tag-eu","13":"tag-europe","14":"tag-football","15":"tag-fr","16":"tag-france","17":"tag-handball","18":"tag-info","19":"tag-nantes","20":"tag-news","21":"tag-pays-de-la-loire","22":"tag-republique-francaise","23":"tag-rugby","24":"tag-sport","25":"tag-vannes","26":"tag-volley"},"share_on_mastodon":{"url":"https:\/\/pubeurope.com\/@fr\/114445662777037288","error":""},"_links":{"self":[{"href":"https:\/\/www.europesays.com\/fr\/wp-json\/wp\/v2\/posts\/72551","targetHints":{"allow":["GET"]}}],"collection":[{"href":"https:\/\/www.europesays.com\/fr\/wp-json\/wp\/v2\/posts"}],"about":[{"href":"https:\/\/www.europesays.com\/fr\/wp-json\/wp\/v2\/types\/post"}],"author":[{"embeddable":true,"href":"https:\/\/www.europesays.com\/fr\/wp-json\/wp\/v2\/users\/2"}],"replies":[{"embeddable":true,"href":"https:\/\/www.europesays.com\/fr\/wp-json\/wp\/v2\/comments?post=72551"}],"version-history":[{"count":0,"href":"https:\/\/www.europesays.com\/fr\/wp-json\/wp\/v2\/posts\/72551\/revisions"}],"wp:featuredmedia":[{"embeddable":true,"href":"https:\/\/www.europesays.com\/fr\/wp-json\/wp\/v2\/media\/72552"}],"wp:attachment":[{"href":"https:\/\/www.europesays.com\/fr\/wp-json\/wp\/v2\/media?parent=72551"}],"wp:term":[{"taxonomy":"category","embeddable":true,"href":"https:\/\/www.europesays.com\/fr\/wp-json\/wp\/v2\/categories?post=72551"},{"taxonomy":"post_tag","embeddable":true,"href":"https:\/\/www.europesays.com\/fr\/wp-json\/wp\/v2\/tags?post=72551"}],"curies":[{"name":"wp","href":"https:\/\/api.w.org\/{rel}","templated":true}]}}