{"id":72557,"date":"2025-05-03T19:58:09","date_gmt":"2025-05-03T19:58:09","guid":{"rendered":"https:\/\/www.europesays.com\/fr\/72557\/"},"modified":"2025-05-03T19:58:09","modified_gmt":"2025-05-03T19:58:09","slug":"une-humoriste-dezingue-toulouse-ses-travaux-et-ses-bouchons-dans-une-video-jean-luc-moudenc-lui-repond","status":"publish","type":"post","link":"https:\/\/www.europesays.com\/fr\/72557\/","title":{"rendered":"Une humoriste d\u00e9zingue Toulouse, ses travaux et ses bouchons dans une vid\u00e9o, Jean-Luc Moudenc lui r\u00e9pond"},"content":{"rendered":"<p>            Par<br \/>\n        <strong><br \/>\n            <a href=\"https:\/\/actu.fr\/auteur\/lucie-2\" title=\"Consulter tous les articles de Lucie Fraisse\" target=\"_blank\" rel=\"noopener\">Lucie Fraisse<\/a><br \/>\n        <\/strong><\/p>\n<p>        Publi\u00e9 le<\/p>\n<p>            3 mai 2025 \u00e0 16h15        <\/p>\n<p>Pour faire la promotion de son prochain spectacle au z\u00e9nith de <strong>Toulouse<\/strong>,<a href=\"https:\/\/actu.fr\/occitanie\/toulouse_31555\/cette-humoriste-avait-fait-le-buzz-a-toulouse-elle-revient-avec-un-spectacle-culotte_62431161.html\" target=\"_blank\" rel=\"noopener\"> l\u2019humoriste Marie s\u2019infiltre<\/a> a publi\u00e9, vendredi 2 mai 2025, une vid\u00e9o dans laquelle elle tacle la Ville rose et ses travaux. Une vid\u00e9o \u00e0 laquelle <strong>Jean-Luc Moudenc<\/strong> a r\u00e9pondu \u2013 lui aussi en vid\u00e9o- sur les r\u00e9seaux sociaux.<\/p>\n<p>Tacles sur les bouchons et les travaux\u00a0<\/p>\n<p class=\" wall-content\">Quoi de mieux pour s\u2019attirer la sympathie des Toulousains que de fustiger les bouchons sur le p\u00e9riph\u00e9rique et les nombreux chantiers du cente-ville ? Marie s\u2019infiltre l\u2019a bien compris et sur ces points qu\u2019elle insiste dans sa vid\u00e9o publi\u00e9e sur son compte<strong> Instagram<\/strong>, suivi par 809 000 \u00ab\u00a0followers\u00a0\u00bb.\u00a0<\/p>\n<p class=\" wall-content\">Attabl\u00e9e sur une terrasse qui surplombe un paysage de r\u00eave, l\u2019humoriste r\u00e9dige ainsi une missive \u00e0 l\u2019intention de Jean-Luc Moudenc, dans laquelle elle le f\u00e9licite avec ironie d\u2019avoir \u00ab\u00a0<strong>transform\u00e9 la Ville rose en ville bouchon<\/strong>\u00ab\u00a0.<\/p>\n<p>\u00ab\u00a0Travaux qui n\u2019en finissent jamais\u00a0\u00bb<\/p>\n<p class=\" wall-content\">Plus loin, Marie s\u2019infiltre souligne \u00ab\u00a0l\u2019audace d\u2019avoir transform\u00e9 le centre-ville en un escape game nouvelle g\u00e9n\u00e9ration, tout est tourn\u00e9 autour des travaux qui n\u2019en finissent plus jamais\u00a0\u00bb, en \u00e9voquant notamment<a href=\"https:\/\/actu.fr\/occitanie\/toulouse_31555\/en-images-les-travaux-de-la-rue-de-metz-avancent-tres-vite-l-extension-du-musee-des-augustins-apparait_62302806.html\" target=\"_blank\" rel=\"noopener\"> la rue de Metz<\/a> et<a href=\"https:\/\/actu.fr\/occitanie\/toulouse_31555\/c-est-vraiment-les-champs-elysees-de-toulouse-le-quartier-du-luxe-a-commence-sa-mue_62022320.html\" target=\"_blank\" rel=\"noopener\"> la rue Croix-Baragnon<\/a>.<\/p>\n<p class=\" wall-content\">En fin de vid\u00e9o et pour \u00ab\u00a0f\u00eater [la] r\u00e9ussite\u00a0\u00bb de Jean-Luc Moudenc, Marie s\u2019infiltre invite le maire de Toulouse et toute son administration \u00e0 venir \u00e0 son spectacle, le 18 d\u00e9cembre prochain.<\/p>\n<p class=\" wall-content\"><a href=\"https:\/\/www.instagram.com\/p\/DJHxai1o8YI\/embed\" title=\"Ouvrir le lien sur Instagram\" target=\"_blank\" rel=\"noopener\">Visualiser le contenu sur Instagram<\/a><\/p>\n<p class=\" wall-content\">\u00ab\u00a0Et je vous attends vraiment,<strong> pas comme la Ligne TGV Paris-Toulouse<\/strong> qu\u2019on attend depuis 2006\u2033.<\/p>\n<p>Vid\u00e9os : en ce moment sur ActuJean-Luc Moudenc r\u00e9pond dans une vid\u00e9o\u00a0<\/p>\n<p class=\" wall-content\">Jean-Luc Moudenc n\u2019a en tout cas pas attendu longtemps pour r\u00e9pondre au coup de com\u2019 de\u00a0 l\u2019humoriste, dans une vid\u00e9o post\u00e9e, elle aussi, ce vendredi.<\/p>\n<p class=\" wall-content\">Post\u00e9 devant le Capitole, le maire de Toulouse remercie l\u2019humoriste d\u2019avoir fait sa vid\u00e9o, \u00ab\u00a0\u00e7a me permet de redire le sens de tous ces travaux. On ne fait pas des travaux pour emb\u00eater les gens, on les fait parce que, justement les gens nous les ont demand\u00e9<strong>s pour am\u00e9liorer leur vie quotidienne<\/strong>, pour mieux recevoir nos visiteurs et notamment pour lutter contre les embouteillages.\u00a0\u00bb<\/p>\n<p class=\" wall-content\">\n<p class=\" wall-content\">Pendant plus d\u2019une minute, Jean-Luc Moudenc d\u00e9fend les am\u00e9nagements de la Ville, de la future ligne C, aux pistes cyclables en passant par les r\u00e9novations des rues du centre.<\/p>\n<p class=\" wall-content\">Et le maire de Toulouse invite \u00e0 son tour Marie s\u2019infiltre \u00e0 une visite des chantiers termin\u00e9s lors de sa future visite dans la Ville rose, en fin d\u2019ann\u00e9e. Sans pr\u00e9ciser s\u2019il viendrait assister au z\u00e9nith de l\u2019humoriste qui se revendique \u00ab\u00a0Toulousaine dans l\u2019\u00e2me\u00a0\u00bb.<\/p>\n<p class=\" wall-content\">Suivez toute l\u2019actualit\u00e9 de vos villes et m\u00e9dias favoris en vous inscrivant \u00e0 <a href=\"https:\/\/moncompte.actu.fr\" title=\"D\u00e9couvez Mon Actu\" rel=\"nofollow noopener\" data-trk=\"{&quot;cta&quot;:{&quot;action&quot;:&quot;https:\\\/\\\/moncompte.actu.fr&quot;,&quot;category&quot;:&quot;mon compte&quot;,&quot;from&quot;:&quot;article footer&quot;,&quot;name&quot;:&quot;Mon actu&quot;,&quot;type&quot;:&quot;cta&quot;}}\" target=\"_blank\">Mon Actu<\/a>.<\/p>\n<p>                    <script async src=\"\/\/www.instagram.com\/embed.js\"><\/script><\/p>\n","protected":false},"excerpt":{"rendered":"Par Lucie Fraisse Publi\u00e9 le 3 mai 2025 \u00e0 16h15 Pour faire la promotion de son prochain spectacle&hellip;\n","protected":false},"author":2,"featured_media":72558,"comment_status":"","ping_status":"","sticky":false,"template":"","format":"standard","meta":{"footnotes":""},"categories":[2816],"tags":[1111,11,1777,674,1011,27,2857,1652,12,2680,25,2312],"class_list":{"0":"post-72557","1":"post","2":"type-post","3":"status-publish","4":"format-standard","5":"has-post-thumbnail","7":"category-toulouse","8":"tag-actu","9":"tag-actualites","10":"tag-eu","11":"tag-europe","12":"tag-fr","13":"tag-france","14":"tag-jean-luc-moudenc","15":"tag-loisirs-culture","16":"tag-news","17":"tag-occitanie","18":"tag-republique-francaise","19":"tag-toulouse"},"share_on_mastodon":{"url":"https:\/\/pubeurope.com\/@fr\/114445674318456002","error":""},"_links":{"self":[{"href":"https:\/\/www.europesays.com\/fr\/wp-json\/wp\/v2\/posts\/72557","targetHints":{"allow":["GET"]}}],"collection":[{"href":"https:\/\/www.europesays.com\/fr\/wp-json\/wp\/v2\/posts"}],"about":[{"href":"https:\/\/www.europesays.com\/fr\/wp-json\/wp\/v2\/types\/post"}],"author":[{"embeddable":true,"href":"https:\/\/www.europesays.com\/fr\/wp-json\/wp\/v2\/users\/2"}],"replies":[{"embeddable":true,"href":"https:\/\/www.europesays.com\/fr\/wp-json\/wp\/v2\/comments?post=72557"}],"version-history":[{"count":0,"href":"https:\/\/www.europesays.com\/fr\/wp-json\/wp\/v2\/posts\/72557\/revisions"}],"wp:featuredmedia":[{"embeddable":true,"href":"https:\/\/www.europesays.com\/fr\/wp-json\/wp\/v2\/media\/72558"}],"wp:attachment":[{"href":"https:\/\/www.europesays.com\/fr\/wp-json\/wp\/v2\/media?parent=72557"}],"wp:term":[{"taxonomy":"category","embeddable":true,"href":"https:\/\/www.europesays.com\/fr\/wp-json\/wp\/v2\/categories?post=72557"},{"taxonomy":"post_tag","embeddable":true,"href":"https:\/\/www.europesays.com\/fr\/wp-json\/wp\/v2\/tags?post=72557"}],"curies":[{"name":"wp","href":"https:\/\/api.w.org\/{rel}","templated":true}]}}