{"id":725597,"date":"2026-02-10T21:57:09","date_gmt":"2026-02-10T21:57:09","guid":{"rendered":"https:\/\/www.europesays.com\/fr\/725597\/"},"modified":"2026-02-10T21:57:09","modified_gmt":"2026-02-10T21:57:09","slug":"linterrogatoire-sterile-des-accuses-entre-silences-et-volte-face","status":"publish","type":"post","link":"https:\/\/www.europesays.com\/fr\/725597\/","title":{"rendered":"L\u2019interrogatoire st\u00e9rile des accus\u00e9s, entre silences et volte-face"},"content":{"rendered":"<p>Des \u00ab\u00a0barbares\u00a0\u00bb. Ainsi Younes* a-t-il qualifi\u00e9, sans jamais les nommer, ni les d\u00e9signer, les membres du r\u00e9seau de trafic de stup\u00e9fiants de la cit\u00e9 de Frais-Vallon qui, du 21 au 25\u00a0janvier\u00a02026, l\u2019ont <a href=\"https:\/\/www.laprovence.com\/article\/faits-divers-justice\/34033725730569\/mineurs-sequestres-tabasses-violes-la-violence-du-trafic-de-drogue-entre-au-pretoire-a-marseille\" target=\"_blank\" rel=\"nofollow noopener\">retenu, molest\u00e9 et contraint \u00e0 travailler gratuitement<\/a> avec son ami Kevin*. Son calvaire, le jeune homme, alors \u00e2g\u00e9 de 16 ans, l\u2019a racont\u00e9 \u00e0 la cour d\u2019assises sp\u00e9ciale des Bouches-du-Rh\u00f4ne o\u00f9 six hommes sont jug\u00e9s depuis jeudi dernier pour \u00ab\u00a0s\u00e9questration\u00a0\u00bb, \u00ab\u00a0violences\u00a0\u00bb et \u00ab\u00a0incitation de mineurs \u00e0 vendre des stup\u00e9fiants\u00a0\u00bb. Quatre d\u2019entre eux comparaissent \u00e9galement pour viol.<\/p>\n<p>Sto\u00efques jusqu\u2019ici, exception faite de rares rictus r\u00e9prim\u00e9s \u00e7\u00e0 et l\u00e0, les accus\u00e9s avaient presque tous contest\u00e9 les faits qui leur sont reproch\u00e9s. Queue-de-cheval fris\u00e9e et fine moustache, Mehdi Hadjer avait seul cr\u00e9\u00e9 la surprise, se d\u00e9clarant \u00ab\u00a0coupable\u00a0\u00bb des chefs retenus contre lui, \u00e0 l\u2019exception du crime sexuel. Mais que reconna\u00eet vraiment l\u2019homme \u00e2g\u00e9 de 24\u00a0ans\u00a0? \u00ab\u00a0Je reconnais avoir lou\u00e9 un appartement pour leur rendre service par ce qu\u2019ils dormaient dehors. Je leur ai amen\u00e9 des habits, \u00e0 manger, \u00e0 fumer et le lendemain je les ai ramen\u00e9s au point stups\u00a0\u00bb, affirme-t-il depuis le box. \u00ab\u00a0En fait vous n\u2019avez rien fait de &#8230;<\/p>\n","protected":false},"excerpt":{"rendered":"Des \u00ab\u00a0barbares\u00a0\u00bb. Ainsi Younes* a-t-il qualifi\u00e9, sans jamais les nommer, ni les d\u00e9signer, les membres du r\u00e9seau de&hellip;\n","protected":false},"author":2,"featured_media":725598,"comment_status":"","ping_status":"","sticky":false,"template":"","format":"standard","meta":{"footnotes":"","_share_on_mastodon":"0"},"categories":[2814],"tags":[5734,10983,1111,11,6661,1052,1777,674,274,1011,66154,27,884,12,882,61865,25,1097],"class_list":["post-725597","post","type-post","status-publish","format-standard","has-post-thumbnail","category-marseille","tag-5734","tag-accuse","tag-actu","tag-actualites","tag-avoir","tag-drogue","tag-eu","tag-europe","tag-faits-divers-justice","tag-fr","tag-frais-vallon","tag-france","tag-marseille","tag-news","tag-provence-alpes-cote-dazur","tag-reconnait","tag-republique-francaise","tag-trafic"],"share_on_mastodon":{"url":"https:\/\/pubeurope.com\/@fr\/116048576134225032","error":""},"_links":{"self":[{"href":"https:\/\/www.europesays.com\/fr\/wp-json\/wp\/v2\/posts\/725597","targetHints":{"allow":["GET"]}}],"collection":[{"href":"https:\/\/www.europesays.com\/fr\/wp-json\/wp\/v2\/posts"}],"about":[{"href":"https:\/\/www.europesays.com\/fr\/wp-json\/wp\/v2\/types\/post"}],"author":[{"embeddable":true,"href":"https:\/\/www.europesays.com\/fr\/wp-json\/wp\/v2\/users\/2"}],"replies":[{"embeddable":true,"href":"https:\/\/www.europesays.com\/fr\/wp-json\/wp\/v2\/comments?post=725597"}],"version-history":[{"count":0,"href":"https:\/\/www.europesays.com\/fr\/wp-json\/wp\/v2\/posts\/725597\/revisions"}],"wp:featuredmedia":[{"embeddable":true,"href":"https:\/\/www.europesays.com\/fr\/wp-json\/wp\/v2\/media\/725598"}],"wp:attachment":[{"href":"https:\/\/www.europesays.com\/fr\/wp-json\/wp\/v2\/media?parent=725597"}],"wp:term":[{"taxonomy":"category","embeddable":true,"href":"https:\/\/www.europesays.com\/fr\/wp-json\/wp\/v2\/categories?post=725597"},{"taxonomy":"post_tag","embeddable":true,"href":"https:\/\/www.europesays.com\/fr\/wp-json\/wp\/v2\/tags?post=725597"}],"curies":[{"name":"wp","href":"https:\/\/api.w.org\/{rel}","templated":true}]}}