{"id":72567,"date":"2025-05-03T20:04:09","date_gmt":"2025-05-03T20:04:09","guid":{"rendered":"https:\/\/www.europesays.com\/fr\/72567\/"},"modified":"2025-05-03T20:04:09","modified_gmt":"2025-05-03T20:04:09","slug":"lyon-lancement-dune-etude-lyonnaise-sur-lusage-des-reseaux-sociaux-sur-la-sante-mentale","status":"publish","type":"post","link":"https:\/\/www.europesays.com\/fr\/72567\/","title":{"rendered":"Lyon. Lancement d\u2019une \u00e9tude lyonnaise sur l\u2019usage des r\u00e9seaux sociaux sur la sant\u00e9 mentale"},"content":{"rendered":"<p>Il y a-t-il un type d\u2019usage des r\u00e9seaux sociaux qui soit b\u00e9n\u00e9fique pour la sant\u00e9 mentale ? C\u2019est la question \u00e0 laquelle esp\u00e8re r\u00e9pondre la psychiatre Julia de Ternay, cheffe de clinique au service universitaire d\u2019addictologie de Lyon (Le Vinatier\/HCL) et investigatrice principale de l\u2019\u00e9tude Purple pour \u00ab Pr\u00e9valence de l\u2019usage probl\u00e9matique des r\u00e9seaux sociaux en population g\u00e9n\u00e9rale \u00bb. Financ\u00e9e par la Fondation HCL, cette enqu\u00eate a \u00e9t\u00e9 lanc\u00e9e en ligne il y a quelques semaines.<\/p>\n<p>  Une premi\u00e8re en France<\/p>\n<p>Tous les usagers des r\u00e9seaux sociaux peuvent y participer \u00e0 partir de 13 ans (avec une autorisation parentale), \u00e2ge l\u00e9gal pour s\u2019inscrire sur un r\u00e9seau social. Cette \u00e9tude lyonnaise est la premi\u00e8re de cette ampleur en France alors qu\u2019une m\u00e9ta-analyse internationale de 2021 estime \u00e0 7,41 % le nombre d\u2019adolescents fran\u00e7ais ayant un usage probl\u00e9matique des r\u00e9seaux sociaux contre 5,14 % dans les autres pays europ\u00e9ens.<\/p>\n<p>Cependant, pour Julia de Ternay, les r\u00e9seaux sociaux n\u2019apportent pas que du n\u00e9gatif. \u00ab Tout d\u00e9pend de l\u2019usage que l\u2019on en a \u00bb, expliquait la psychiatre, <a href=\"https:\/\/www.leprogres.fr\/sante\/2024\/10\/12\/comment-l-utilisation-des-reseaux-sociaux-peut-elle-etre-benefique-a-notre-sante-mentale\" target=\"_blank\" rel=\"nofollow noopener\">au Progr\u00e8s, il y a quelques mois.<\/a><\/p>\n<p>Cette premi\u00e8re \u00e9tude devrait se poursuivre avec une enqu\u00eate qualitative pour essayer de d\u00e9crire les strat\u00e9gies comportementales mises en place par les usagers pour r\u00e9guler leur consommation de r\u00e9seaux sociaux. \u00c0 terme, les chercheurs aimeraient pouvoir \u00e9tablir des r\u00e8gles de \u00ab bonne hygi\u00e8ne num\u00e9rique \u00bb.<\/p>\n<p>Pour participer \u00e0 l\u2019\u00e9tude Purple : <a href=\"https:\/\/www.sual.fr\/about-5\" target=\"_blank\" rel=\"nofollow noopener\">www.sual.fr\/about-5<\/a><\/p>\n","protected":false},"excerpt":{"rendered":"Il y a-t-il un type d\u2019usage des r\u00e9seaux sociaux qui soit b\u00e9n\u00e9fique pour la sant\u00e9 mentale ? C\u2019est&hellip;\n","protected":false},"author":2,"featured_media":72568,"comment_status":"","ping_status":"","sticky":false,"template":"","format":"standard","meta":{"footnotes":""},"categories":[1889],"tags":[1111,11,2430,2757,1777,674,1011,27,2428,2756,12,25,2429,71],"class_list":{"0":"post-72567","1":"post","2":"type-post","3":"status-publish","4":"format-standard","5":"has-post-thumbnail","7":"category-lyon","8":"tag-actu","9":"tag-actualites","10":"tag-auvergne-rhone-alpes","11":"tag-edition-lyon-villeurbanne","12":"tag-eu","13":"tag-europe","14":"tag-fr","15":"tag-france","16":"tag-lyon","17":"tag-lyon-bassin","18":"tag-news","19":"tag-republique-francaise","20":"tag-rhone","21":"tag-sante"},"share_on_mastodon":{"url":"https:\/\/pubeurope.com\/@fr\/114445697912534687","error":""},"_links":{"self":[{"href":"https:\/\/www.europesays.com\/fr\/wp-json\/wp\/v2\/posts\/72567","targetHints":{"allow":["GET"]}}],"collection":[{"href":"https:\/\/www.europesays.com\/fr\/wp-json\/wp\/v2\/posts"}],"about":[{"href":"https:\/\/www.europesays.com\/fr\/wp-json\/wp\/v2\/types\/post"}],"author":[{"embeddable":true,"href":"https:\/\/www.europesays.com\/fr\/wp-json\/wp\/v2\/users\/2"}],"replies":[{"embeddable":true,"href":"https:\/\/www.europesays.com\/fr\/wp-json\/wp\/v2\/comments?post=72567"}],"version-history":[{"count":0,"href":"https:\/\/www.europesays.com\/fr\/wp-json\/wp\/v2\/posts\/72567\/revisions"}],"wp:featuredmedia":[{"embeddable":true,"href":"https:\/\/www.europesays.com\/fr\/wp-json\/wp\/v2\/media\/72568"}],"wp:attachment":[{"href":"https:\/\/www.europesays.com\/fr\/wp-json\/wp\/v2\/media?parent=72567"}],"wp:term":[{"taxonomy":"category","embeddable":true,"href":"https:\/\/www.europesays.com\/fr\/wp-json\/wp\/v2\/categories?post=72567"},{"taxonomy":"post_tag","embeddable":true,"href":"https:\/\/www.europesays.com\/fr\/wp-json\/wp\/v2\/tags?post=72567"}],"curies":[{"name":"wp","href":"https:\/\/api.w.org\/{rel}","templated":true}]}}