{"id":72569,"date":"2025-05-03T20:05:20","date_gmt":"2025-05-03T20:05:20","guid":{"rendered":"https:\/\/www.europesays.com\/fr\/72569\/"},"modified":"2025-05-03T20:05:20","modified_gmt":"2025-05-03T20:05:20","slug":"violent-orage-de-grele-vigilance-maintenue","status":"publish","type":"post","link":"https:\/\/www.europesays.com\/fr\/72569\/","title":{"rendered":"violent orage de gr\u00eale, vigilance maintenue"},"content":{"rendered":"<p style=\"text-align:justify;\">AA\/Ankara<\/p>\n<p style=\"text-align:justify;\">Un violent orage de gr\u00eale a frapp\u00e9 la m\u00e9tropole de Lyon ce samedi dans l\u2019apr\u00e8s-midi et la soir\u00e9e, touchant particuli\u00e8rement les quartiers de Confluence et du 7e arrondissement, selon des t\u00e9moignages relay\u00e9s sur X par les m\u00e9dias locaux.<\/p>\n<p style=\"text-align:justify;\">L\u2019orage, accompagn\u00e9 de fortes pluies, de coups de tonnerre et de rafales de vent atteignant 90 km\/h, a balay\u00e9 la ville sous une vigilance jaune \u00e9mise par M\u00e9t\u00e9o-France d\u00e8s 15h. <\/p>\n<p style=\"text-align:justify;\">Des vid\u00e9os montrent des gr\u00ealons recouvrant le sol, obligeant les clients des magasins \u00e0 Confluence \u00e0 rester \u00e0 l\u2019int\u00e9rieur, tandis que des ruissellements urbains ont perturb\u00e9 la circulation, notamment sur l\u2019autoroute A6 entre Lyon et M\u00e2con, o\u00f9 la visibilit\u00e9 \u00e9tait r\u00e9duite.<\/p>\n<p style=\"text-align:justify;\">Aucun d\u00e9g\u00e2t majeur, comme des inondations graves ou des dommages aux infrastructures, n\u2019a \u00e9t\u00e9 signal\u00e9, et les pompiers du Rh\u00f4ne n\u2019ont pas rapport\u00e9 d\u2019interventions significatives, contrairement \u00e0 des orages ant\u00e9rieurs comme celui du 3 juin 2023, qui avait n\u00e9cessit\u00e9 120 interventions. <\/p>\n<p style=\"text-align:justify;\">Aucun bilan officiel, notamment sur les v\u00e9hicules ou les cultures agricoles, vuln\u00e9rables aux chutes de gr\u00eale, n\u2019a \u00e9t\u00e9 effectu\u00e9 pour le moment.<\/p>\n<p style=\"text-align:justify;\">Cet \u00e9pisode s\u2019inscrit dans une d\u00e9gradation m\u00e9t\u00e9orologique attendue pour le week-end, mettant fin \u00e0 un temps estival, avec des temp\u00e9ratures chutant apr\u00e8s un pic de 27\u00b0C. <\/p>\n<p style=\"text-align:justify;\">M\u00e9t\u00e9o-France maintient la vigilance face \u00e0 de possibles nouveaux orages ce dimanche 4 mai, recommandant d\u2019\u00e9viter les zones inondables et de signaler tout d\u00e9g\u00e2t. <\/p>\n<p>                            &#13;<br \/>\n                                <a href=\"https:\/\/www.aa.com.tr\/fr\/p\/abonnement\/1001\" target=\"_blank\" style=\"font-size:12px; color:#444; text-decoration:none;\" rel=\"noopener\">&#13;<br \/>\n                                    Seulement une partie des d\u00e9p\u00eaches, que l&rsquo;Agence Anadolu diffuse \u00e0 ses abonn\u00e9s via le Syst\u00e8me de Diffusion interne (HAS), est diffus\u00e9e sur le site de l&rsquo;AA, de mani\u00e8re r\u00e9sum\u00e9e. <b style=\"color:#1897F7\">Contactez-nous s&rsquo;il vous pla\u00eet pour vous abonner.<\/b>&#13;<br \/>\n                                <\/a>&#13;<\/p>\n","protected":false},"excerpt":{"rendered":"AA\/Ankara Un violent orage de gr\u00eale a frapp\u00e9 la m\u00e9tropole de Lyon ce samedi dans l\u2019apr\u00e8s-midi et la&hellip;\n","protected":false},"author":2,"featured_media":72570,"comment_status":"","ping_status":"","sticky":false,"template":"","format":"standard","meta":{"footnotes":""},"categories":[1889],"tags":[1111,11,1785,2430,3157,1777,674,1011,27,17613,2428,12,25,15192],"class_list":{"0":"post-72569","1":"post","2":"type-post","3":"status-publish","4":"format-standard","5":"has-post-thumbnail","7":"category-lyon","8":"tag-actu","9":"tag-actualites","10":"tag-anadolu-ajansi","11":"tag-auvergne-rhone-alpes","12":"tag-confluence","13":"tag-eu","14":"tag-europe","15":"tag-fr","16":"tag-france","17":"tag-grle","18":"tag-lyon","19":"tag-news","20":"tag-republique-francaise","21":"tag-vigilance"},"share_on_mastodon":{"url":"https:\/\/pubeurope.com\/@fr\/114445701790273882","error":""},"_links":{"self":[{"href":"https:\/\/www.europesays.com\/fr\/wp-json\/wp\/v2\/posts\/72569","targetHints":{"allow":["GET"]}}],"collection":[{"href":"https:\/\/www.europesays.com\/fr\/wp-json\/wp\/v2\/posts"}],"about":[{"href":"https:\/\/www.europesays.com\/fr\/wp-json\/wp\/v2\/types\/post"}],"author":[{"embeddable":true,"href":"https:\/\/www.europesays.com\/fr\/wp-json\/wp\/v2\/users\/2"}],"replies":[{"embeddable":true,"href":"https:\/\/www.europesays.com\/fr\/wp-json\/wp\/v2\/comments?post=72569"}],"version-history":[{"count":0,"href":"https:\/\/www.europesays.com\/fr\/wp-json\/wp\/v2\/posts\/72569\/revisions"}],"wp:featuredmedia":[{"embeddable":true,"href":"https:\/\/www.europesays.com\/fr\/wp-json\/wp\/v2\/media\/72570"}],"wp:attachment":[{"href":"https:\/\/www.europesays.com\/fr\/wp-json\/wp\/v2\/media?parent=72569"}],"wp:term":[{"taxonomy":"category","embeddable":true,"href":"https:\/\/www.europesays.com\/fr\/wp-json\/wp\/v2\/categories?post=72569"},{"taxonomy":"post_tag","embeddable":true,"href":"https:\/\/www.europesays.com\/fr\/wp-json\/wp\/v2\/tags?post=72569"}],"curies":[{"name":"wp","href":"https:\/\/api.w.org\/{rel}","templated":true}]}}