{"id":725741,"date":"2026-02-10T23:25:17","date_gmt":"2026-02-10T23:25:17","guid":{"rendered":"https:\/\/www.europesays.com\/fr\/725741\/"},"modified":"2026-02-10T23:25:17","modified_gmt":"2026-02-10T23:25:17","slug":"voici-les-villes-ou-des-monoprix-vont-fermer-ou-bien-se-transformer-en-lidl","status":"publish","type":"post","link":"https:\/\/www.europesays.com\/fr\/725741\/","title":{"rendered":"Voici les villes o\u00f9 des Monoprix vont fermer ou bien se transformer en Lidl"},"content":{"rendered":"<p><a href=\"https:\/\/www.20minutes.fr\/dossier\/monoprix\" target=\"_blank\" class=\"c-link c-link--is-underlined\" rel=\"nofollow noopener\">Monoprix<\/a> a annonc\u00e9, mardi, une nouvelle phase de r\u00e9organisation de son r\u00e9seau en France, marqu\u00e9e par la cession de trois magasins \u00e0 <a href=\"https:\/\/www.20minutes.fr\/economie\/lidl\/\" target=\"_blank\" class=\"c-link c-link--is-underlined\" rel=\"nofollow noopener\">Lidl<\/a> et la fermeture de six autres sites. L\u2019enseigne, propri\u00e9t\u00e9 du <a href=\"https:\/\/www.20minutes.fr\/dossier\/casino\" target=\"_blank\" class=\"c-link c-link--is-underlined\" rel=\"nofollow noopener\">groupe Casino<\/a>, assure qu\u2019il n\u2019y aura \u00ab\u00a0aucune suppression d\u2019emploi\u00a0\u00bb dans le cadre de ces op\u00e9rations pr\u00e9sent\u00e9es aux instances repr\u00e9sentatives du personnel. Environ 200 salari\u00e9s sont concern\u00e9s par ces projets.<\/p>\n<p>Trois <a href=\"https:\/\/www.20minutes.fr\/dossier\/magasins\" target=\"_blank\" class=\"c-link c-link--is-underlined\" rel=\"nofollow noopener\">magasins<\/a> situ\u00e9s en <a href=\"https:\/\/www.20minutes.fr\/dossier\/ile-de-france\" target=\"_blank\" class=\"c-link c-link--is-underlined\" rel=\"nofollow noopener\">Ile-de-France<\/a>, \u00e0 Chatou (78), Argenteuil (95) et Le Pecq (78), doivent \u00eatre c\u00e9d\u00e9s au discounter allemand, qui a confirm\u00e9 une \u00ab\u00a0discussion exclusive\u00a0\u00bb avec Casino et pr\u00e9voit une \u00ab\u00a0finalisation de l\u2019op\u00e9ration\u00a0\u00bb d\u2019ici la fin du premier semestre.<\/p>\n<p>C\u00f4t\u00e9 fermetures, cinq Monoprix sont concern\u00e9s \u00e0 La D\u00e9fense (92), Vitry-sur-Seine (94), Malakoff (92), Nantes (44) et Tours (37), ainsi qu\u2019un magasin Monop \u00e0 Clichy (92). Onze Monop passeront en franchise et un point de vente \u00e0 Lyon sera vendu \u00e0 l\u2019enseigne espagnole Primaprix, selon des pr\u00e9cisions transmises \u00e0 l\u2019AFP.<\/p>\n<\/p>\n<p>Inqui\u00e9tude du c\u00f4t\u00e9 des syndicats<\/p>\n<p>Les <a href=\"https:\/\/www.20minutes.fr\/dossier\/salaries\" target=\"_blank\" class=\"c-link c-link--is-underlined\" rel=\"nofollow noopener\">salari\u00e9s<\/a> affect\u00e9s par les fermetures seront \u00ab\u00a0repositionn\u00e9s\u00a0\u00bb dans \u00ab\u00a0d\u2019autres magasins de la marque\u00a0\u00bb, indique Monoprix. De son c\u00f4t\u00e9, Lidl promet de conserver \u00ab\u00a0100\u00a0% des effectifs\u00a0\u00bb dans les magasins repris. La <a href=\"https:\/\/www.20minutes.fr\/dossier\/cgt\" target=\"_blank\" class=\"c-link c-link--is-underlined\" rel=\"nofollow noopener\">CGT<\/a> Monoprix, qui avait d\u00e9nonc\u00e9 \u00ab\u00a0une r\u00e9organisation brutale\u00a0\u00bb, se dit pr\u00e9occup\u00e9e. \u00ab\u00a0On est inquiets, surtout pour les personnes qui vont passer du jour au lendemain chez Lidl, o\u00f9 les conditions de travail ne sont pas les m\u00eames\u00a0\u00bb, a d\u00e9clar\u00e9 \u00e0 l\u2019AFP une repr\u00e9sentante du <a href=\"https:\/\/www.20minutes.fr\/dossier\/syndicat\" target=\"_blank\" class=\"c-link c-link--is-underlined\" rel=\"nofollow noopener\">syndicat<\/a> souhaitant rester anonyme.<\/p>\n<p><a href=\"https:\/\/www.20minutes.fr\/dossier\/monoprix\" target=\"_blank\" class=\"c-link c-btn c-btn--primary\" rel=\"nofollow noopener\">Notre dossier sur Monoprix<\/a><\/p>\n<p>Selon Monoprix, ces projets \u00ab\u00a0r\u00e9sultent d\u2019analyses men\u00e9es magasin par magasin\u00a0\u00bb et \u00ab\u00a0s\u2019inscrivent dans la transformation\u00a0\u00bb engag\u00e9e par Casino, pass\u00e9 en\u00a02024 sous le contr\u00f4le du milliardaire tch\u00e8que Daniel Kretinsky apr\u00e8s des ann\u00e9es de surendettement. De son c\u00f4t\u00e9, Lidl, sixi\u00e8me distributeur en France, entend \u00ab\u00a0renforcer son maillage territorial dans des zones urbaines et p\u00e9riurbaines\u00a0\u00bb apr\u00e8s avoir repris 19 supermarch\u00e9s \u00e0 Auchan en\u00a02025, dont neuf pr\u00e9c\u00e9demment c\u00e9d\u00e9s par Casino.<\/p>\n","protected":false},"excerpt":{"rendered":"Monoprix a annonc\u00e9, mardi, une nouvelle phase de r\u00e9organisation de son r\u00e9seau en France, marqu\u00e9e par la cession&hellip;\n","protected":false},"author":2,"featured_media":725742,"comment_status":"","ping_status":"","sticky":false,"template":"","format":"standard","meta":{"footnotes":"","_share_on_mastodon":"0"},"categories":[2],"tags":[47,11,4808,33,1011,27,6908,662,18542,34256,12,25,397],"class_list":["post-725741","post","type-post","status-publish","format-standard","has-post-thumbnail","category-actualites","tag-actualite","tag-actualites","tag-casino","tag-economie","tag-fr","tag-france","tag-grande-distribution","tag-ile-de-france","tag-lidl","tag-monoprix","tag-news","tag-republique-francaise","tag-supermarche"],"share_on_mastodon":{"url":"https:\/\/pubeurope.com\/@fr\/116048922139922895","error":""},"_links":{"self":[{"href":"https:\/\/www.europesays.com\/fr\/wp-json\/wp\/v2\/posts\/725741","targetHints":{"allow":["GET"]}}],"collection":[{"href":"https:\/\/www.europesays.com\/fr\/wp-json\/wp\/v2\/posts"}],"about":[{"href":"https:\/\/www.europesays.com\/fr\/wp-json\/wp\/v2\/types\/post"}],"author":[{"embeddable":true,"href":"https:\/\/www.europesays.com\/fr\/wp-json\/wp\/v2\/users\/2"}],"replies":[{"embeddable":true,"href":"https:\/\/www.europesays.com\/fr\/wp-json\/wp\/v2\/comments?post=725741"}],"version-history":[{"count":0,"href":"https:\/\/www.europesays.com\/fr\/wp-json\/wp\/v2\/posts\/725741\/revisions"}],"wp:featuredmedia":[{"embeddable":true,"href":"https:\/\/www.europesays.com\/fr\/wp-json\/wp\/v2\/media\/725742"}],"wp:attachment":[{"href":"https:\/\/www.europesays.com\/fr\/wp-json\/wp\/v2\/media?parent=725741"}],"wp:term":[{"taxonomy":"category","embeddable":true,"href":"https:\/\/www.europesays.com\/fr\/wp-json\/wp\/v2\/categories?post=725741"},{"taxonomy":"post_tag","embeddable":true,"href":"https:\/\/www.europesays.com\/fr\/wp-json\/wp\/v2\/tags?post=725741"}],"curies":[{"name":"wp","href":"https:\/\/api.w.org\/{rel}","templated":true}]}}