{"id":72575,"date":"2025-05-03T20:09:13","date_gmt":"2025-05-03T20:09:13","guid":{"rendered":"https:\/\/www.europesays.com\/fr\/72575\/"},"modified":"2025-05-03T20:09:13","modified_gmt":"2025-05-03T20:09:13","slug":"a-paris-ces-grelons-du-mois-de-mai-ont-pris-tout-le-monde-de-court","status":"publish","type":"post","link":"https:\/\/www.europesays.com\/fr\/72575\/","title":{"rendered":"\u00c0 Paris, ces gr\u00ealons du mois de mai ont pris tout le monde de court"},"content":{"rendered":"<p>M\u00c9T\u00c9O &#8211; D\u2019un extr\u00eame \u00e0 un autre. Alors que <a data-i13n=\"cpos:1;pos:1\" href=\"https:\/\/fr.news.yahoo.com\/semaine-m%C3%A9t%C3%A9o-estivale-france-pic-050013266.html\" data-ylk=\"slk:les temp\u00e9ratures avoisinaient les 25 \u00b0C;cpos:1;pos:1;elm:context_link;itc:0;sec:content-canvas;outcm:mb_qualified_link;_E:mb_qualified_link;ct:story;\" class=\"link  yahoo-link\" target=\"_blank\" rel=\"noopener\">les temp\u00e9ratures avoisinaient les 25 \u00b0C <\/a>en d\u00e9but de journ\u00e9e ce samedi 3 mai <a data-i13n=\"cpos:2;pos:1\" href=\"https:\/\/fr.news.yahoo.com\/m%C3%A9t%C3%A9o-%C3%A0-paris-n-jamais-185018355.html\" data-ylk=\"slk:\u00e0 Paris;cpos:2;pos:1;elm:context_link;itc:0;sec:content-canvas;outcm:mb_qualified_link;_E:mb_qualified_link;ct:story;\" class=\"link  yahoo-link\" target=\"_blank\" rel=\"noopener\">\u00e0 Paris<\/a>, la capitale a \u00e9t\u00e9 surprise cet apr\u00e8s-midi par un ph\u00e9nom\u00e8ne m\u00e9t\u00e9orologique digne d\u2019un mois de d\u00e9cembre.<\/p>\n<p>Aux alentours de 16 heures, le ciel parisien a vu appara\u00eetre d\u2019impressionnants orages. S\u2019en est suivie une importante chute de gr\u00eale. Sur les r\u00e9seaux sociaux, plusieurs images montrent des gr\u00ealons massifs, qui ont recouvert les rues et les balcons en seulement quelques minutes. \u00ab La gr\u00eale \u00e0 Paris \u00e7a pr\u00e9vient pas WTF ? \u00bb, hallucine une utilisatrice de X depuis la terrasse d\u2019un restaurant.<\/p>\n<p><a data-i13n=\"cpos:3;pos:1\" href=\"https:\/\/fr.news.yahoo.com\/1er-mai-%C3%A9t%C3%A9-chaud-jamais-203617688.html\" data-ylk=\"slk:Ce 1er mai a \u00e9t\u00e9 le plus chaud jamais mesur\u00e9 \u00e0 Paris, des temp\u00e9ratures records ailleurs en France;cpos:3;pos:1;elm:context_link;itc:0;sec:content-canvas;outcm:mb_qualified_link;_E:mb_qualified_link;ct:story;\" class=\"link  yahoo-link\" target=\"_blank\" rel=\"noopener\">Ce 1er mai a \u00e9t\u00e9 le plus chaud jamais mesur\u00e9 \u00e0 Paris, des temp\u00e9ratures records ailleurs en France <\/a><\/p>\n<p>D\u2019autres, se sont amus\u00e9s de la situation, comme cet internaute qui a suppos\u00e9 que les Parisiens et Parisiennes allaient en profiter pour mettre leurs bouteilles de vin blanc au frais, blotties entre les gr\u00ealons.<\/p>\n<p>Les transports perturb\u00e9s<\/p>\n<p>Ce ph\u00e9nom\u00e8ne a cependant engendr\u00e9 plusieurs perturbations. Certaines rues sont inond\u00e9es, rendant la circulation difficile. La ligne 2 du m\u00e9tro est elle aussi impact\u00e9e et ne dessert pas la station Victor Hugo. L\u2019Atelier des Lumi\u00e8res, mus\u00e9e situ\u00e9 dans le 11e arrondissement, a quant \u00e0 lui \u00e9t\u00e9 \u00e9vacu\u00e9.<\/p>\n<blockquote placeholder=\"\" data-theme=\"light\" class=\"twitter-tweet\">\n<p>\u274cLes arr\u00eats ne sont pas desservis \u00e0 Victor Hugo sur la <a href=\"https:\/\/twitter.com\/hashtag\/Ligne2?src=hash&amp;ref_src=twsrc%5Etfw\" rel=\"nofollow noopener\" target=\"_blank\" data-ylk=\"slk:#Ligne2;elm:context_link;itc:0;sec:content-canvas\" class=\"link \">#Ligne2<\/a>, en r\u00e9percussion d&rsquo;inondations <a href=\"https:\/\/twitter.com\/hashtag\/RATP?src=hash&amp;ref_src=twsrc%5Etfw\" rel=\"nofollow noopener\" target=\"_blank\" data-ylk=\"slk:#RATP;elm:context_link;itc:0;sec:content-canvas\" class=\"link \">#RATP<\/a>.<\/p>\n<p>\u2014 Ligne 2 (@Ligne2_RATP) <a href=\"https:\/\/twitter.com\/Ligne2_RATP\/status\/1918674288246178200?ref_src=twsrc%5Etfw\" rel=\"nofollow noopener\" target=\"_blank\" data-ylk=\"slk:May 3, 2025;elm:context_link;itc:0;sec:content-canvas\" class=\"link \">May 3, 2025<\/a><\/p>\n<\/blockquote>\n<p>Les Hauts-de-Seine ont \u00e9galement \u00e9t\u00e9 touch\u00e9es, notamment \u00e0 Boulogne ou encore Saint-Cloud. C\u2019est aussi le cas de la Seine-Saint-Denis ou encore des Yvelines.<\/p>\n<p>Cette semaine avait pourtant \u00e9t\u00e9 marqu\u00e9e par un \u00e9pisode de chaleur et d\u2019ensoleillement sur une large partie du territoire, allant jusqu\u2019\u00e0 30 \u00b0 \u00e0 Paris vendredi 2 mai. M\u00e9t\u00e9o France avait annonc\u00e9 une baisse drastique des temp\u00e9ratures d\u00e8s dimanche, avec 16 \u00b0C \u00e0 Paris, 14 \u00b0C \u00e0 Caen ou encore 13 \u00b0C \u00e0 Lille.<\/p>\n<p><strong>\u00c0 voir \u00e9galement sur <\/strong><strong>Le HuffPost <\/strong><strong>:<\/strong><\/p>\n<p><a data-i13n=\"cpos:4;pos:1\" href=\"https:\/\/fr.news.yahoo.com\/m%C3%A9t%C3%A9o-d%C3%A9grade-apr%C3%A8s-1er-mai-120212752.html\" data-ylk=\"slk:La m\u00e9t\u00e9o se d\u00e9grade : apr\u00e8s un 1er-mai record, les orages arrivent et une chute des temp\u00e9ratures avec;cpos:4;pos:1;elm:context_link;itc:0;sec:content-canvas;outcm:mb_qualified_link;_E:mb_qualified_link;ct:story;\" class=\"link  yahoo-link\" target=\"_blank\" rel=\"noopener\">La m\u00e9t\u00e9o se d\u00e9grade : apr\u00e8s un 1er-mai record, les orages arrivent et une chute des temp\u00e9ratures avec <\/a><\/p>\n<p><a data-i13n=\"cpos:5;pos:1\" href=\"https:\/\/fr.news.yahoo.com\/paris-capitale-chaude-d-europe-193537169.html\" data-ylk=\"slk:\u00ab Paris, capitale la plus chaude d\u2019Europe \u00bb : des records de temp\u00e9rature pour un mois d\u2019avril ce mercredi;cpos:5;pos:1;elm:context_link;itc:0;sec:content-canvas;outcm:mb_qualified_link;_E:mb_qualified_link;ct:story;\" class=\"link  yahoo-link\" target=\"_blank\" rel=\"noopener\">\u00ab Paris, capitale la plus chaude d\u2019Europe \u00bb : des records de temp\u00e9rature pour un mois d\u2019avril ce mercredi <\/a><\/p>\n<p><script async src=\"https:\/\/platform.twitter.com\/widgets.js\" charset=\"utf-8\"><\/script><\/p>\n","protected":false},"excerpt":{"rendered":"M\u00c9T\u00c9O &#8211; D\u2019un extr\u00eame \u00e0 un autre. Alors que les temp\u00e9ratures avoisinaient les 25 \u00b0C en d\u00e9but de&hellip;\n","protected":false},"author":2,"featured_media":72576,"comment_status":"","ping_status":"","sticky":false,"template":"","format":"standard","meta":{"footnotes":""},"categories":[1888],"tags":[1111,1928,11,1927,17614,1777,674,1011,27,17615,15475,12,1926,626,1925,17616,25],"class_list":{"0":"post-72575","1":"post","2":"type-post","3":"status-publish","4":"format-standard","5":"has-post-thumbnail","7":"category-paris","8":"tag-actu","9":"tag-actu-paris","10":"tag-actualites","11":"tag-actualites-paris","12":"tag-chute-de-grele","13":"tag-eu","14":"tag-europe","15":"tag-fr","16":"tag-france","17":"tag-grelons","18":"tag-la-chaine-meteo","19":"tag-news","20":"tag-news-paris","21":"tag-paris","22":"tag-paris-news","23":"tag-phenomene-meteorologique","24":"tag-republique-francaise"},"share_on_mastodon":{"url":"https:\/\/pubeurope.com\/@fr\/114445717731126235","error":""},"_links":{"self":[{"href":"https:\/\/www.europesays.com\/fr\/wp-json\/wp\/v2\/posts\/72575","targetHints":{"allow":["GET"]}}],"collection":[{"href":"https:\/\/www.europesays.com\/fr\/wp-json\/wp\/v2\/posts"}],"about":[{"href":"https:\/\/www.europesays.com\/fr\/wp-json\/wp\/v2\/types\/post"}],"author":[{"embeddable":true,"href":"https:\/\/www.europesays.com\/fr\/wp-json\/wp\/v2\/users\/2"}],"replies":[{"embeddable":true,"href":"https:\/\/www.europesays.com\/fr\/wp-json\/wp\/v2\/comments?post=72575"}],"version-history":[{"count":0,"href":"https:\/\/www.europesays.com\/fr\/wp-json\/wp\/v2\/posts\/72575\/revisions"}],"wp:featuredmedia":[{"embeddable":true,"href":"https:\/\/www.europesays.com\/fr\/wp-json\/wp\/v2\/media\/72576"}],"wp:attachment":[{"href":"https:\/\/www.europesays.com\/fr\/wp-json\/wp\/v2\/media?parent=72575"}],"wp:term":[{"taxonomy":"category","embeddable":true,"href":"https:\/\/www.europesays.com\/fr\/wp-json\/wp\/v2\/categories?post=72575"},{"taxonomy":"post_tag","embeddable":true,"href":"https:\/\/www.europesays.com\/fr\/wp-json\/wp\/v2\/tags?post=72575"}],"curies":[{"name":"wp","href":"https:\/\/api.w.org\/{rel}","templated":true}]}}